{"id":9787,"date":"2024-11-30T18:54:54","date_gmt":"2024-11-30T17:54:54","guid":{"rendered":"https:\/\/parafiasmardzewo.pl\/?p=9787"},"modified":"2024-11-30T18:54:54","modified_gmt":"2024-11-30T17:54:54","slug":"list-pasterski-na-adwent-2024","status":"publish","type":"post","link":"https:\/\/parafiasmardzewo.pl\/?p=9787","title":{"rendered":"LIST PASTERSKI NA ADWENT 2024"},"content":{"rendered":"<p><strong>\u00a0 \u00a0 \u00a0 \u00a0 \u00a0 \u00a0 \u00a0 \u00a0 \u00a0 \u00a0 \u00a0 \u00a0 \u00a0Drogie Siostry, Drodzy Bracia!<\/strong><\/p>\n<p>Adwentem rozpoczynamy nowy rok liturgiczny daj\u0105cy nam mo\u017cliwo\u015b\u0107 prze\u017cycia na nowo tajemnic naszej wiary. Psalm 25, kt\u00f3ry \u015bpiewali\u015bmy dzisiaj w liturgii S\u0142owa, wyra\u017ca to, o co na pocz\u0105tku Adwentu w g\u0142\u0119bi serca prosimy Boga: \u201e\u2026daj mi pozna\u0107 Twoje drogi, Panie, naucz mnie chodzi\u0107 Twoimi \u015bcie\u017ckami. Prowad\u017a mnie w prawdzie wed\u0142ug Twych poucze\u0144, Bo\u017ce i Zbawco w Tobie mam nadziej\u0119\u201d.<\/p>\n<p><strong>Jubileusze<\/strong><\/p>\n<p>Wyznanie Psalmisty: \u201e\u2026w Tobie mam nadziej\u0119\u201d kieruje nasze my\u015bli ku jubileuszom, kt\u00f3re staj\u0105 si\u0119 naszym udzia\u0142em. Rok Jubileuszowy, jaki prze\u017cywa\u0107 b\u0119dziemy wraz z Ko\u015bcio\u0142em Powszechnym od \u015bwi\u0105t Narodzenia Pa\u0144skiego i nasz Jubileusz, 950-lecia istnienia Diecezji P\u0142ockiej, kt\u00f3ry zacz\u0119li\u015bmy \u015bwi\u0119towa\u0107 w katedrze 8 listopada, a dzisiaj inaugurujemy go we wszystkich parafiach. Jubileusz to czas, w kt\u00f3rym Pan B\u00f3g chce nas szczeg\u00f3lnie nape\u0142ni\u0107 duchowymi darami, ale tak\u017ce oczekuje od nas tw\u00f3rczej aktywno\u015bci.<\/p>\n<p>Czym B\u00f3g chce nas obdarowa\u0107? My\u015bl\u0119, \u017ce pragnie przybli\u017cy\u0107 nas do siebie, by\u015bmy do\u015bwiadczyli, \u017ce On jest, \u017ce troszczy si\u0119 o nas jak najlepszy ojciec i najtroskliwsza matka. Potwierdzi\u0142 to stwarzaj\u0105c \u015bwiat i zbawiaj\u0105c go przez ofiar\u0119 swojego Syna na Golgocie.<\/p>\n<p>A czego od nas oczekuje? Chce, aby\u015bmy odpowiedzieli na Jego zaproszenie i wyszli Mu naprzeciw, by si\u0119 z Nim spotka\u0107: w Jego s\u0142owie zawartym w Biblii, w sakramentach, w dzie\u0142ach mi\u0142osierdzia wobec cierpi\u0105cych i ubogich. On czeka na nas w naszych \u015bwi\u0105tyniach parafialnych podczas rekolekcji, w sanktuariach, w konfesjona\u0142ach podczas spowiedzi adwentowej, w Mszach \u015bwi\u0119tych, Komunii \u015bwi\u0119tej, ale tak\u017ce w ubogich, kt\u00f3rym mo\u017cemy pom\u00f3c.<\/p>\n<p>Psalmista m\u00f3wi\u0142 nam dalej, \u017ce \u201e\u2026dobry jest Pan i \u0142askawy, dlatego wskazuje drog\u0119 grzesznikom, (\u2026) uczy ubogich dr\u00f3g swoich\u201d. Papie\u017c Franciszek zaprasza by\u015bmy w czasie Roku Jubileuszowego stawali si\u0119 \u201ePielgrzymami nadziei\u201d czy lud\u017ami, kt\u00f3rzy nios\u0105 w sobie nadziej\u0119, kt\u00f3r\u0105 jest Jezus Chrystus. My, w naszym Jubileuszu rozszerzamy to has\u0142o na s\u0142owa: \u201ePielgrzymi nadziei \u2013 w drodze do \u0179r\u00f3d\u0142a\u201d, rozumiej\u0105c \u0179r\u00f3d\u0142o jako histori\u0119 Ko\u015bcio\u0142a na naszych ziemiach, a tak\u017ce jako samego Chrystusa.<\/p>\n<p><strong>Czytajmy Dzieje Apostolskie<\/strong><\/p>\n<p>Chc\u0119 zaprosi\u0107 Was, Siostry i Bracia, by\u015bmy w roku naszego Jubileuszu si\u0119gn\u0119li po ksi\u0119g\u0119 Dziej\u00f3w Apostolskich, by\u015bmy j\u0105 przeczytali sami lub razem w rodzinach, wsp\u00f3lnotach czy grupach duszpasterskich. Ta ksi\u0119ga z Nowego Testamentu pokazuje, jak po Zes\u0142aniu Ducha \u015awi\u0119tego Ko\u015bci\u00f3\u0142 rodzi\u0142 si\u0119 w ludzkich sercach, jak Dobra Nowina o Chrystusie ukrzy\u017cowanym i zmartwychwsta\u0142ym przemienia\u0142a \u015bwiat. Nasi przodkowie od 950 lat pisali dzieje wiary na tej ziemi. Dzi\u015b my przej\u0119li\u015bmy to zadanie. \u017byj\u0105c wiar\u0105 i dziel\u0105c si\u0119 ni\u0105, jakby dalej piszemy Dzieje Apostolskie. Dlatego zapraszam wszystkich do duchowej lektury tej ksi\u0119gi. Pomoc\u0105 mog\u0105 sta\u0107 si\u0119 przygotowane na Adwent propozycje medytacji wybranych fragment\u00f3w Dziej\u00f3w Apostolskich. Niech duchowa lektura tej ksi\u0119gi prowadzi nas do modlitwy osobistej i wsp\u00f3lnotowej, do oddania chwa\u0142y Bogu.<\/p>\n<p>Ju\u017c dzisiaj zapraszam Was do w\u0142\u0105czenia si\u0119 w wydarzenia Roku Jubileuszowego w naszej diecezji, a szczeg\u00f3lnie do udzia\u0142u w centralnych uroczysto\u015bciach zaplanowanych na 7 czerwca 2025 roku w P\u0142ocku, w Orlen Arenie. Prosz\u0119, zarezerwujcie t\u0119 sobot\u0119 na wsp\u00f3lne \u015bwi\u0119towanie.<\/p>\n<p><strong>Formacja lider\u00f3w parafialnych<\/strong><\/p>\n<p>Bardzo dzi\u0119kuj\u0119 Wam, Siostry i Bracia, \u017ce odpowiedzieli\u015bcie na moj\u0105 pro\u015bb\u0119, by rozezna\u0107, czy B\u00f3g nie wzywa niekt\u00f3rych spo\u015br\u00f3d Was do pe\u0142nienia funkcji przewidzianych dla os\u00f3b \u015bwieckich w Ko\u015bciele: pos\u0142ugi katechisty, akolity i lektora. Ja ze swej strony obieca\u0142em, \u017ce stworzymy w diecezji szko\u0142\u0119 dla os\u00f3b, kt\u00f3re po rozeznaniu b\u0119d\u0105 mog\u0142y podj\u0105\u0107 formacj\u0119, by w przysz\u0142o\u015bci sta\u0107 si\u0119 \u201etragarzami\u201d i wraz z kap\u0142anami przynosi\u0107 do st\u00f3p Jezusa ludzi, kt\u00f3rzy tego potrzebuj\u0105. I tak si\u0119 sta\u0142o! Osiemdziesi\u0105t doros\u0142ych os\u00f3b rozpocz\u0119\u0142o formacj\u0119 w Instytucie Teologicznym Diecezji P\u0142ockiej. Bardzo mnie cieszy tak\u017ce Szko\u0142a Animatora M\u0142odzie\u017cy, kt\u00f3ra rozpocznie ju\u017c niebawem drugi rok swojej dzia\u0142alno\u015bci. Zg\u0142osi\u0142o si\u0119 tak\u017ce dziewi\u0119ciu m\u0119\u017cczyzn, kt\u00f3rzy my\u015bl\u0105 o przygotowaniu si\u0119 do \u015bwi\u0119ce\u0144 i pe\u0142nieniu funkcji diakon\u00f3w sta\u0142ych. Bardzo zach\u0119cam kolejne osoby, kt\u00f3re odkrywaj\u0105 takie powo\u0142ania, by\u015bcie zg\u0142aszali to do swoich ksi\u0119\u017cy proboszcz\u00f3w.<\/p>\n<p><strong>Podzi\u0119kowania<\/strong><\/p>\n<p>Ciesz\u0119 si\u0119, \u017ce 29 grudnia, w Niedziel\u0119 \u015awi\u0119tej Rodziny, kiedy w katedrach ca\u0142ego \u015bwiata rozpoczniemy Rok Jubileuszowy, zainauguruj\u0119 kolejn\u0105, czwart\u0105 ju\u017c kaplic\u0119 wieczystej adoracji Naj\u015bwi\u0119tszego Sakramentu w naszej diecezji. Po Ciechanowie, M\u0142awie i Sierpcu, tym razem kolej na Pu\u0142tusk, parafi\u0119 Mi\u0142osierdzia Bo\u017cego na Pop\u0142awach. Dzi\u0119kuj\u0119 wszystkim, kt\u00f3rzy podejm\u0105 dzie\u0142o modlitwy oraz tym, kt\u00f3rzy przygotowali to dzie\u0142o.<\/p>\n<p>Przed rokiem prosi\u0142em Was, by\u015bmy wsparli ofiar\u0105 buduj\u0105ce si\u0119 Sanktuarium Bo\u017cego Mi\u0142osierdzia w P\u0142ocku. Zebrali\u015bmy i przekazali\u015bmy Siostrom 500 tysi\u0119cy z\u0142otych. Bardzo jestem wdzi\u0119czny za ten dar. Tak\u017ce taca na powodzian przesz\u0142a nasze oczekiwania. Zebrali\u015bmy i przekazali\u015bmy 1,5 miliona z\u0142otych. Bardzo dzi\u0119kuj\u0119 za te ofiary, kt\u00f3re s\u0105 wyrazem naszej wiary, mi\u0142o\u015bci do Boga i ludzi oraz \u015bwiadectwem naszej solidarno\u015bci.<\/p>\n<p><strong>Czuwajcie<\/strong><\/p>\n<p>Pan Jezus w dzisiejszej Ewangelii m\u00f3wi do nas: \u201eUwa\u017cajcie na siebie (\u2026), czuwajcie i m\u00f3dlcie si\u0119\u201d. We\u017amy sobie te s\u0142owa do serca i prze\u017cywajmy Adwent i ca\u0142y Rok Jubileuszowy w postawie czuwania i modlitwy, by Jezus, nasza Nadzieja, m\u00f3g\u0142 nas sob\u0105 obdarowa\u0107. Uwa\u017cajmy na siebie, by chodzi\u0107 \u015bcie\u017ckami Pana, bo \u201e\u2026Wszystkie \u015bcie\u017cki Pana s\u0105 pewne i pe\u0142ne \u0142aski dla strzeg\u0105cych Jego praw i przymierza\u201d. Prosz\u0119 Was, Siostry i Bracia, o wytrwa\u0142\u0105 modlitw\u0119 o pok\u00f3j, zw\u0142aszcza w Ukrainie i Ziemi \u015awi\u0119tej. Prosz\u0119 tak\u017ce o modlitw\u0119 w mojej intencji! \u017bycz\u0119, by\u015bmy dobrze prze\u017cyli Adwent i Narodzenie Pa\u0144skie, odkrywaj\u0105c w Jezusie \u017ar\u00f3d\u0142o naszej nadziei!<\/p>\n<p>Na te dni prosz\u0119 Boga by Wam b\u0142ogos\u0142awi\u0142!<\/p>\n<p>P\u0142ock, dn. 29 listopada 2024 r.<\/p>\n<p>\u2020 Szymon Stu\u0142kowski<\/p>\n","protected":false},"excerpt":{"rendered":"<p>\u00a0 \u00a0 \u00a0 \u00a0 \u00a0 \u00a0 \u00a0 \u00a0 \u00a0 \u00a0 \u00a0 \u00a0 \u00a0Drogie Siostry, Drodzy Bracia! Adwentem rozpoczynamy nowy rok liturgiczny daj\u0105cy nam mo\u017cliwo\u015b\u0107 prze\u017cycia na nowo tajemnic naszej wiary. Psalm 25, kt\u00f3ry \u015bpiewali\u015bmy dzisiaj w liturgii S\u0142owa, wyra\u017ca to, o co na pocz\u0105tku Adwentu w g\u0142\u0119bi serca prosimy Boga: \u201e\u2026daj mi pozna\u0107 Twoje drogi, &hellip; <\/p>\n<p><a class=\"more-link btn\" href=\"https:\/\/parafiasmardzewo.pl\/?p=9787\">Kontynuuj czytanie<\/a><\/p>\n","protected":false},"author":2,"featured_media":8408,"comment_status":"open","ping_status":"open","sticky":false,"template":"","format":"standard","meta":[],"categories":[6,1],"tags":[],"_links":{"self":[{"href":"https:\/\/parafiasmardzewo.pl\/index.php?rest_route=\/wp\/v2\/posts\/9787"}],"collection":[{"href":"https:\/\/parafiasmardzewo.pl\/index.php?rest_route=\/wp\/v2\/posts"}],"about":[{"href":"https:\/\/parafiasmardzewo.pl\/index.php?rest_route=\/wp\/v2\/types\/post"}],"author":[{"embeddable":true,"href":"https:\/\/parafiasmardzewo.pl\/index.php?rest_route=\/wp\/v2\/users\/2"}],"replies":[{"embeddable":true,"href":"https:\/\/parafiasmardzewo.pl\/index.php?rest_route=%2Fwp%2Fv2%2Fcomments&post=9787"}],"version-history":[{"count":1,"href":"https:\/\/parafiasmardzewo.pl\/index.php?rest_route=\/wp\/v2\/posts\/9787\/revisions"}],"predecessor-version":[{"id":9788,"href":"https:\/\/parafiasmardzewo.pl\/index.php?rest_route=\/wp\/v2\/posts\/9787\/revisions\/9788"}],"wp:featuredmedia":[{"embeddable":true,"href":"https:\/\/parafiasmardzewo.pl\/index.php?rest_route=\/wp\/v2\/media\/8408"}],"wp:attachment":[{"href":"https:\/\/parafiasmardzewo.pl\/index.php?rest_route=%2Fwp%2Fv2%2Fmedia&parent=9787"}],"wp:term":[{"taxonomy":"category","embeddable":true,"href":"https:\/\/parafiasmardzewo.pl\/index.php?rest_route=%2Fwp%2Fv2%2Fcategories&post=9787"},{"taxonomy":"post_tag","embeddable":true,"href":"https:\/\/parafiasmardzewo.pl\/index.php?rest_route=%2Fwp%2Fv2%2Ftags&post=9787"}],"curies":[{"name":"wp","href":"https:\/\/api.w.org\/{rel}","templated":true}]}}