{"id":9789,"date":"2024-11-30T18:58:17","date_gmt":"2024-11-30T17:58:17","guid":{"rendered":"https:\/\/parafiasmardzewo.pl\/?p=9789"},"modified":"2024-11-30T18:58:17","modified_gmt":"2024-11-30T17:58:17","slug":"pierwsza-niedziela-adwentu-1-grudnia-2024","status":"publish","type":"post","link":"https:\/\/parafiasmardzewo.pl\/?p=9789","title":{"rendered":"PIERWSZA NIEDZIELA ADWENTU &#8211; 1 grudnia 2024"},"content":{"rendered":"<p><strong>OG\u0141OSZENIA DUSZPASTERSKIE<\/strong><\/p>\n<ol>\n<li>Dzisiejsz\u0105 niedziel\u0105 rozpoczynamy Adwent, czas radosnego oczekiwania i przygotowania na przyj\u015bcie Chrystusa. W pierwszej cz\u0119\u015bci (do 16 grudnia) b\u0119dziemy pochyla\u0107 si\u0119 nad tajemnic\u0105 powt\u00f3rnego przyj\u015bcia Pana na ko\u0144cu czas\u00f3w. Druga cz\u0119\u015b\u0107 (od 17 do 24 grudnia) b\u0119dzie stanowi\u0107 bezpo\u015brednie przygotowanie do celebrowania pami\u0105tki pierwszego przyj\u015bcia Chrystusa na ziemi\u0119 \u2013 na uroczysto\u015b\u0107 Narodzenia Pa\u0144skiego. Wykorzystajmy dobrze ten czas na s\u0142uchanie s\u0142owa Bo\u017cego oraz wchodzenie w tajemnic\u0119 blisko\u015bci Boga, kt\u00f3ry przychodzi jako Emmanuel \u2013 B\u00f3g z nami.<\/li>\n<li>Adwent rozpoczyna nowy rok liturgiczny i duszpasterski. Has\u0142o programu duszpasterskiego dla Ko\u015bcio\u0142a w Polsce na ten rok b\u0119dzie si\u0119 pokrywa\u0142o z has\u0142em Roku Jubileuszowego 2025 i b\u0119dzie brzmia\u0142o: <strong>\u201ePielgrzymi nadziei\u201d. <\/strong>Przy okazji warto wspomnie\u0107, \u017ce oficjalna inauguracja Roku Jubileuszowego 2025 b\u0119dzie mia\u0142a miejsce w Rzymie 24\u00a0grudnia bie\u017c\u0105cego roku, kiedy papie\u017c Franciszek dokona uroczystego otwarcia Drzwi \u015awi\u0119tych w Bazylice \u015awi\u0119tego Piotra na Watykanie.<\/li>\n<li>W czasie adwentowego oczekiwania zapraszamy serdecznie wszystkich na Msze \u015awi\u0119te roratne. W naszym ko\u015bciele b\u0119d\u0105 one celebrowane w \u015brody i soboty o godz.16.00.<\/li>\n<li>We wtorek, 3 grudnia, w liturgii wspominamy \u015awi\u0119tego Franciszka Ksawerego, patrona misji katolickich. Tego dnia obchodzony jest Dzie\u0144 Misyjny Papieskiej Unii Misyjnej. B\u0119dziemy modli\u0107 si\u0119 za wszystkich misjonarzy oraz prosi\u0107 o nowe powo\u0142ania misyjne, aby \u015bwiat\u0142o Ewangelii dociera\u0142o do wszystkich ludzi.<\/li>\n<li>W \u015brod\u0119, 4 grudnia, przypada liturgiczne wspomnienie \u015awi\u0119tej Barbary, patronki g\u00f3rnik\u00f3w. Jest to tak\u017ce Dzie\u0144 Modlitw w Intencji Bezrobotnych. W czasie Mszy \u015awi\u0119tej o\u00a0godz.16.00 b\u0119dziemy poleca\u0107 wszystkich zmagaj\u0105cych si\u0119 z brakiem pracy i wyprasza\u0107 im Bo\u017c\u0105 opiek\u0119.<\/li>\n<li>W Adwencie b\u0119dziemy tak\u017ce prze\u017cywali czas rekolekcji. W naszej wsp\u00f3lnocie b\u0119d\u0105 one mia\u0142y miejsce w dniach 6 &#8211; 8 grudnia (pi\u0105tek, sobota, niedziela). Zaplanujmy tak nasze zaj\u0119cia, aby wzi\u0105\u0107 udzia\u0142 w spotkaniach rekolekcyjnych. W te dni mo\u017cemy skorzysta\u0107 tak\u017ce z sakramentu pokuty i pojednania. Nie odk\u0142adajmy jednak spowiedzi na ostatnie dni Adwentu. Zach\u0119cam do podejmowania postanowie\u0144 adwentowych, niech one b\u0119d\u0105 pomoc\u0105 w zbli\u017caniu si\u0119 do Pana. \u00a0Szczeg\u00f3\u0142owy program rekolekcji jest zamieszczony na stronie internetowej naszej parafii, w kruchcie ko\u015bcio\u0142a i zosta\u0142 dostarczony do rodzin naszej parafii.<\/li>\n<li>Na podgrzewanie ko\u015bcio\u0142a z\u0142o\u017cono ofiary z nast\u0119puj\u0105cych miejscowo\u015bci: Koliszewa P\u00f3\u0142noc, \u0106wiklinek, Smardzewo Dzia\u0142ki. Serdeczne B\u00f3g zap\u0142a\u0107 za ofiary.<\/li>\n<li>Podobnie jak w latach ubieg\u0142ych mo\u017cemy wesprze\u0107 potrzebuj\u0105cych poprzez zakup \u015bwiec Wigilijnego Dzie\u0142a Pomocy Dzieciom. Ta \u015bwieca ju\u017c na sta\u0142e wpisuje si\u0119 w tradycje prze\u017cywania \u015bwi\u0105t Narodzenia Pa\u0144skiego.<\/li>\n<li>W tym tygodniu przypada tak\u017ce pierwszy czwartek, pi\u0105tek i sobota miesi\u0105ca.<\/li>\n<li>W pierwszy pi\u0105tek miesi\u0105ca, 6 grudnia, przypada liturgiczne wspomnienie \u015awi\u0119tego Miko\u0142aja Biskupa. Tradycyjnie obdarujemy prezentami nasze dzieci i bliskich. Niech liturgiczne wspomnienie \u015awi\u0119tego Miko\u0142aja usposobi nas tak\u017ce do szerokiego otwarcia oczu i\u00a0serc na dzieci, o kt\u00f3rych bliscy zapomnieli albo si\u0119 ich wyparli. Niech opr\u00f3cz wielu podarunk\u00f3w nie zabraknie tak\u017ce daru naszej modlitwy w ich intencji przez wstawiennictwo tego wspania\u0142ego \u015awi\u0119tego.<\/li>\n<li>Tak si\u0119 z\u0142o\u017cy\u0142o \u017ce w przysz\u0142\u0105 niedziel\u0119, 8 grudnia, w drug\u0105 niedziel\u0119 Adwentu, przypada w tym roku uroczysto\u015b\u0107 Niepokalanego Pocz\u0119cia Naj\u015bwi\u0119tszej Maryi Panny. To tak\u017ce Dzie\u0144 Modlitwy i Pomocy Materialnej Ko\u015bcio\u0142owi na Wschodzie.<\/li>\n<li>Uczni\u00f3w kl. III i IV zapraszam na kr\u00f3tkie spotkanie po Eucharystii o godz. 9.00.<\/li>\n<li>Wczoraj zosta\u0142y oczyszczone rynny na ko\u015bciele. Pomagali panowie: Henryk Kr\u00f3l, Wincenty Sta\u0144czak i Tomasz Geller. Pani Maria Przych\u00f3dzka przygotowa\u0142a dekoracje adwentowe przy o\u0142tarzu. Pani Danuta Kr\u00f3l oczy\u015bci\u0142a elementy drewniane, na kt\u00f3rych s\u0105 umieszczone \u015bwiece. Bardzo serdecznie dzi\u0119kuj\u0119 za pomoc tym osobom.<\/li>\n<li>Bardzo prosz\u0119, aby oczy\u015bci\u0107 groby na cmentarzu. Plastykowe wk\u0142ady po wypalonych zniczach oraz zniszczone kwiaty prosz\u0119 z\u0142o\u017cy\u0107 w wyznaczonych miejscach przy bramie cmentarnej.<\/li>\n<li>Zach\u0119cam do nabycia prasy katolickiej.<\/li>\n<li>Wszystkim jubilatom i solenizantom tego tygodnia \u017cyczymy do\u015bwiadczenia blisko\u015bci Boga, obfito\u015bci Jego dar\u00f3w w codziennym \u017cyciu oraz opieki Matki Naj\u015bwi\u0119tszej.<\/li>\n<li>W tym tygodniu z naszej wsp\u00f3lnoty odesz\u0142a do wieczno\u015bci \u015bw. p. Teresa Duszy\u0144ska, kt\u00f3ra prze\u017cy\u0142a 73 lata. Od uczestnik\u00f3w pogrzebu b\u0119dzie odprawionych osiem Mszy \u015awi\u0119tych.. Zmar\u0142\u0105 parafiank\u0119 pole\u0107my mi\u0142osierdziu Bo\u017cemu: <em>Dobry Jezu, a nasz Panie, daj jej wieczne spoczywanie\u2026<\/em><\/li>\n<\/ol>\n<p><strong>W TYM TYGODNIU PATRONUJ\u0104 NAM:<\/strong><\/p>\n<p>&#8211; we wtorek, 3 grudnia \u2013 \u015awi\u0119ty Franciszek Ksawery (1506-1552), jezuita, niestrudzony g\u0142osiciel Ewangelii i patron misjonarzy katolickich;<\/p>\n<p>&#8211; w \u015brod\u0119, 4 grudnia \u2013 \u015awi\u0119ta Barbara, (II\/III w.), dziewica i m\u0119czennica, patronka dobrej \u015bmierci, or\u0119downiczka g\u00f3rnik\u00f3w, hutnik\u00f3w oraz os\u00f3b bezrobotnych;<\/p>\n<p>&#8211; w pi\u0105tek, 6 grudnia \u2013 \u015awi\u0119ty Miko\u0142aj, biskup \u017cyj\u0105cy na prze\u0142omie III i IV wieku, kt\u00f3ry w\u00a0Mirze Licyjskiej by\u0142 gorliwym i troskliwym pasterzem;<\/p>\n<p>&#8211; w sobot\u0119, 7 grudnia \u2013 \u015awi\u0119ty Ambro\u017cy, biskup Mediolanu, \u017cyj\u0105cy w IV wieku, gorliwy duszpasterz i uczony teolog, doktor Ko\u015bcio\u0142a.<\/p>\n","protected":false},"excerpt":{"rendered":"<p>OG\u0141OSZENIA DUSZPASTERSKIE Dzisiejsz\u0105 niedziel\u0105 rozpoczynamy Adwent, czas radosnego oczekiwania i przygotowania na przyj\u015bcie Chrystusa. W pierwszej cz\u0119\u015bci (do 16 grudnia) b\u0119dziemy pochyla\u0107 si\u0119 nad tajemnic\u0105 powt\u00f3rnego przyj\u015bcia Pana na ko\u0144cu czas\u00f3w. Druga cz\u0119\u015b\u0107 (od 17 do 24 grudnia) b\u0119dzie stanowi\u0107 bezpo\u015brednie przygotowanie do celebrowania pami\u0105tki pierwszego przyj\u015bcia Chrystusa na ziemi\u0119 \u2013 na uroczysto\u015b\u0107 Narodzenia Pa\u0144skiego. &hellip; <\/p>\n<p><a class=\"more-link btn\" href=\"https:\/\/parafiasmardzewo.pl\/?p=9789\">Kontynuuj czytanie<\/a><\/p>\n","protected":false},"author":2,"featured_media":3486,"comment_status":"open","ping_status":"open","sticky":false,"template":"","format":"standard","meta":[],"categories":[2],"tags":[],"_links":{"self":[{"href":"https:\/\/parafiasmardzewo.pl\/index.php?rest_route=\/wp\/v2\/posts\/9789"}],"collection":[{"href":"https:\/\/parafiasmardzewo.pl\/index.php?rest_route=\/wp\/v2\/posts"}],"about":[{"href":"https:\/\/parafiasmardzewo.pl\/index.php?rest_route=\/wp\/v2\/types\/post"}],"author":[{"embeddable":true,"href":"https:\/\/parafiasmardzewo.pl\/index.php?rest_route=\/wp\/v2\/users\/2"}],"replies":[{"embeddable":true,"href":"https:\/\/parafiasmardzewo.pl\/index.php?rest_route=%2Fwp%2Fv2%2Fcomments&post=9789"}],"version-history":[{"count":1,"href":"https:\/\/parafiasmardzewo.pl\/index.php?rest_route=\/wp\/v2\/posts\/9789\/revisions"}],"predecessor-version":[{"id":9790,"href":"https:\/\/parafiasmardzewo.pl\/index.php?rest_route=\/wp\/v2\/posts\/9789\/revisions\/9790"}],"wp:featuredmedia":[{"embeddable":true,"href":"https:\/\/parafiasmardzewo.pl\/index.php?rest_route=\/wp\/v2\/media\/3486"}],"wp:attachment":[{"href":"https:\/\/parafiasmardzewo.pl\/index.php?rest_route=%2Fwp%2Fv2%2Fmedia&parent=9789"}],"wp:term":[{"taxonomy":"category","embeddable":true,"href":"https:\/\/parafiasmardzewo.pl\/index.php?rest_route=%2Fwp%2Fv2%2Fcategories&post=9789"},{"taxonomy":"post_tag","embeddable":true,"href":"https:\/\/parafiasmardzewo.pl\/index.php?rest_route=%2Fwp%2Fv2%2Ftags&post=9789"}],"curies":[{"name":"wp","href":"https:\/\/api.w.org\/{rel}","templated":true}]}}