{"id":9791,"date":"2024-11-30T20:54:56","date_gmt":"2024-11-30T19:54:56","guid":{"rendered":"https:\/\/parafiasmardzewo.pl\/?p=9791"},"modified":"2024-11-30T20:57:23","modified_gmt":"2024-11-30T19:57:23","slug":"msze-swiete-od-2-8-grudnia-2024-roku","status":"publish","type":"post","link":"https:\/\/parafiasmardzewo.pl\/?p=9791","title":{"rendered":"Msze \u015awi\u0119te od 2 &#8211; 8 grudnia   2024 roku"},"content":{"rendered":"<p><strong>Poniedzia\u0142ek<\/strong><\/p>\n<p><strong>godz. 7.30 <\/strong>+ \u00a0Julia \u017bebrowska \u2013 rocznica \u015bmierci (5)<\/p>\n<p><strong>godz. 17.00<\/strong> W intencji Ojczyzny za wstawiennictwem \u015bw. Andrzeja Boboli i \u015bw. Stanis\u0142awa Kostki<\/p>\n<p><strong>Wtorek<\/strong><\/p>\n<p><strong>godz. 16.00<\/strong> + \u00a0Maria Lewandowska \u2013 int. p.<\/p>\n<p><strong>\u015aroda <\/strong><\/p>\n<p><strong>godz. 16.00<\/strong> + Maria Bednarska \u00a0int. p.<\/p>\n<p><strong>Czwartek<\/strong><\/p>\n<p><strong>godz. 16.00 + <\/strong>\u00a0Marian Wodzy\u0144ski \u2013 rocznica \u015bmierci (5); 2) + gregorianka<\/p>\n<p><strong>Pi\u0105tek<\/strong><\/p>\n<p><strong>godz. 8.30 \u2013 <\/strong>Adoracja Naj\u015bwi\u0119tszego Sakramentu<\/p>\n<p><strong>godz. 9.00<\/strong> + Kazimierz, Henryka i Roman Urba\u0144scy; 2) + Bogumi\u0142a Komorowska (Msza \u015awi\u0119ta z udzia\u0142em dzieci)<\/p>\n<p><strong>godz. 11.00<\/strong> + Aniela i W\u0142adys\u0142aw Dymek<\/p>\n<p><strong>godz. 16.30<\/strong> Adoracja Naj\u015bwi\u0119tszego Sakramentu<\/p>\n<p><strong>godz. 17. 00<\/strong>\u00a0 + \u00a0gregorianka<\/p>\n<p><strong>Sobota<\/strong><\/p>\n<p><strong>godz. 8.30<\/strong> Godzinki ku czci Niepokalanego Pocz\u0119cia NMP<\/p>\n<p><strong>godz. 9.00<\/strong> + Teresa Duszy\u0144ska \u2013 int. p.<\/p>\n<p><strong>godz. 11.00<\/strong> + Ma\u0142gorzata Lewicka int. p.<\/p>\n<p><strong>godz. 16.30<\/strong>\u00a0 R\u00f3\u017caniec<\/p>\n<p><strong>godz. 17.00<\/strong>\u00a0 + \u00a0gregorianka<\/p>\n<p><strong>Niedziela<\/strong><\/p>\n<p><strong>godz. 9.00 <\/strong>\u00a0+ \u00a0Jan Sass \u2013 rocz. \u015bmierci (5) \u00a0\u00a0(2); 2) + \u00a0gregorianka<\/p>\n<p><strong>godz. 10.45 \u00a0+ <\/strong>Barbara (imieninowa) i J\u00f3zef Rutkowscy\u00a0 2)\u00a0 \u00a0W intencji parafian i go\u015bci<\/p>\n<p><strong>godz. 16.00 <\/strong>+ \u00a0Aleksander i Barbara (imieninowa) Szymankiewicz 2) + \u00a0Jerzy i Halina Popin oraz o Bo\u017ce b\u0142ogos\u0142awie\u0144stwo dla rodziny<\/p>\n<p>&nbsp;<\/p>\n","protected":false},"excerpt":{"rendered":"<p>Poniedzia\u0142ek godz. 7.30 + \u00a0Julia \u017bebrowska \u2013 rocznica \u015bmierci (5) godz. 17.00 W intencji Ojczyzny za wstawiennictwem \u015bw. Andrzeja Boboli i \u015bw. Stanis\u0142awa Kostki Wtorek godz. 16.00 + \u00a0Maria Lewandowska \u2013 int. p. \u015aroda godz. 16.00 + Maria Bednarska \u00a0int. p. Czwartek godz. 16.00 + \u00a0Marian Wodzy\u0144ski \u2013 rocznica \u015bmierci (5); 2) + gregorianka Pi\u0105tek &hellip; <\/p>\n<p><a class=\"more-link btn\" href=\"https:\/\/parafiasmardzewo.pl\/?p=9791\">Kontynuuj czytanie<\/a><\/p>\n","protected":false},"author":2,"featured_media":4145,"comment_status":"open","ping_status":"open","sticky":false,"template":"","format":"standard","meta":[],"categories":[5],"tags":[],"_links":{"self":[{"href":"https:\/\/parafiasmardzewo.pl\/index.php?rest_route=\/wp\/v2\/posts\/9791"}],"collection":[{"href":"https:\/\/parafiasmardzewo.pl\/index.php?rest_route=\/wp\/v2\/posts"}],"about":[{"href":"https:\/\/parafiasmardzewo.pl\/index.php?rest_route=\/wp\/v2\/types\/post"}],"author":[{"embeddable":true,"href":"https:\/\/parafiasmardzewo.pl\/index.php?rest_route=\/wp\/v2\/users\/2"}],"replies":[{"embeddable":true,"href":"https:\/\/parafiasmardzewo.pl\/index.php?rest_route=%2Fwp%2Fv2%2Fcomments&post=9791"}],"version-history":[{"count":4,"href":"https:\/\/parafiasmardzewo.pl\/index.php?rest_route=\/wp\/v2\/posts\/9791\/revisions"}],"predecessor-version":[{"id":9795,"href":"https:\/\/parafiasmardzewo.pl\/index.php?rest_route=\/wp\/v2\/posts\/9791\/revisions\/9795"}],"wp:featuredmedia":[{"embeddable":true,"href":"https:\/\/parafiasmardzewo.pl\/index.php?rest_route=\/wp\/v2\/media\/4145"}],"wp:attachment":[{"href":"https:\/\/parafiasmardzewo.pl\/index.php?rest_route=%2Fwp%2Fv2%2Fmedia&parent=9791"}],"wp:term":[{"taxonomy":"category","embeddable":true,"href":"https:\/\/parafiasmardzewo.pl\/index.php?rest_route=%2Fwp%2Fv2%2Fcategories&post=9791"},{"taxonomy":"post_tag","embeddable":true,"href":"https:\/\/parafiasmardzewo.pl\/index.php?rest_route=%2Fwp%2Fv2%2Ftags&post=9791"}],"curies":[{"name":"wp","href":"https:\/\/api.w.org\/{rel}","templated":true}]}}