{"id":9799,"date":"2024-12-07T22:29:30","date_gmt":"2024-12-07T21:29:30","guid":{"rendered":"https:\/\/parafiasmardzewo.pl\/?p=9799"},"modified":"2024-12-07T22:30:38","modified_gmt":"2024-12-07T21:30:38","slug":"druga-niedziela-adwentu-8-grudnia-2024-niepokalane-poczecie-nmp","status":"publish","type":"post","link":"https:\/\/parafiasmardzewo.pl\/?p=9799","title":{"rendered":"DRUGA NIEDZIELA ADWENTU 8 &#8211; grudnia 2024 NIEPOKALANE POCZ\u0118CIE NMP"},"content":{"rendered":"<p><strong>OG\u0141OSZENIA DUSZPASTERSKIE<\/strong><\/p>\n<ol>\n<li>Mimo przypadaj\u0105cej dzi\u015b drugiej niedzieli Adwentu, zgodnie z dekretem watyka\u0144skiej Dykasterii ds. Kultu Bo\u017cego i Dyscypliny Sakrament\u00f3w, w Ko\u015bciele obchodzimy uroczysto\u015b\u0107 Niepokalanego Pocz\u0119cia Naj\u015bwi\u0119tszej Maryi Panny, kt\u00f3ra przypada zawsze 8 grudnia. Uroczysto\u015b\u0107 ta wyra\u017ca wiar\u0119 Ko\u015bcio\u0142a w to, \u017ce Maryja, wybrana na matk\u0119 Syna Bo\u017cego, jako jedyna z ludzi zosta\u0142a pocz\u0119ta i urodzi\u0142a si\u0119 bez zmazy grzechu pierworodnego. Ta wiara zawsze towarzyszy\u0142a wierz\u0105cym i przejawia\u0142a si\u0119 w r\u00f3\u017cny spos\u00f3b, np. w naszej polskiej tradycji w tak ch\u0119tnie \u015bpiewanych \u201eGodzinkach o Niepokalanym Pocz\u0119ciu Naj\u015bwi\u0119tszej Maryi Panny\u201d.<\/li>\n<li>Dzisiejsza niedziela jest jednocze\u015bnie szczeg\u00f3lnym \u2013 ju\u017c dwudziestym pi\u0105tym z kolei \u2013 Dniem Modlitwy i Pomocy Materialnej Ko\u015bcio\u0142owi na Wschodzie.<\/li>\n<li>Z Maryj\u0105 pod\u0105\u017camy adwentow\u0105 drog\u0105, przygotowuj\u0105c si\u0119 na przyj\u0119cie niezwyk\u0142ego daru \u2013 narodzenia Bo\u017cego Syna, naszego Odkupiciela, kt\u00f3ry na nowo otwiera nam bramy nieba. Czasem szczeg\u00f3lnego przygotowania si\u0119 do \u015bwi\u0105t Bo\u017cego Narodzenia s\u0105 rekolekcje adwentowe, kt\u00f3re dzisiaj ko\u0144czymy. Dzi\u0119kujemy Panu Bogu i Matce Naj\u015bwi\u0119tszej za \u0142aski, jakie otrzymali\u015bmy w tym \u015bwi\u0119tym czasie modlitwy, s\u0142uchania s\u0142owa Bo\u017cego i korzystania z Bo\u017cego Mi\u0142osierdzia w sakramencie pokuty. Pragn\u0119 podzi\u0119kowa\u0107 te\u017c wszystkim osobom, kt\u00f3re pomaga\u0142y nam w prze\u017cyciu tego \u015bwi\u0119tego czasu. Dzi\u0119kuj\u0119 bardzo serdecznie ks. kan. Tadeuszowi Kuleszy, kt\u00f3ry przez trzy dni g\u0142osi\u0142 s\u0142owo Bo\u017ce, sprawowa\u0142 Eucharysti\u0119 i przewodniczy\u0142 nabo\u017ce\u0144stwom. Wiele os\u00f3b skorzysta\u0142o z tego czasu \u0142aski i pog\u0142\u0119bi\u0142o swoj\u0105 przyja\u017a\u0144 z Bogiem. Trwajmy w takiej postawie do \u015bwi\u0105t i d\u0142u\u017cej. Ci, kt\u00f3rzy jeszcze nie skorzystali z sakramentu pokuty niech uczyni\u0105 to w najbli\u017cszym czasie. Dzi\u0119kuj\u0119 panom organi\u015bcie i ko\u015bcielnemu za ich pos\u0142ug\u0119. S\u0142owa wdzi\u0119czno\u015bci kieruj\u0119 do s\u0142u\u017cby liturgicznej ministrant\u00f3w, lektor\u00f3w i lektorek. Dzi\u0119kuj\u0119 p. Danucie Kr\u00f3l i p. Wincentemu Sta\u0144czakowi za sprz\u0105tanie ko\u015bcio\u0142a. Dzi\u0119kuj\u0119 Pani Ewie Felczak za przygotowanie posi\u0142k\u00f3w dla ksi\u0119\u017cy.<\/li>\n<li>Pami\u0119tajmy o sprawowanej w naszym ko\u015bciele Mszy \u015awi\u0119tej roratnej w \u015brody i soboty, o godz. 16.00.<\/li>\n<li>W tych dniach wspominamy bolesne do\u015bwiadczenia z naszej najnowszej historii (13\u00a0grudnia 1981 roku wprowadzono stan wojenny, a 16 grudnia tego roku dokonano pacyfikacji kopalni \u201eWujek\u201d na \u015al\u0105sku). \u015awi\u0119ty Jan Pawe\u0142 II ci\u0105gle przypomina\u0142: \u201e[\u2026] ogromna jest cena, jak\u0105 zap\u0142aci\u0142 nar\u00f3d polski za niepodleg\u0142o\u015b\u0107, za prawo do istnienia jako pa\u0144stwo. Przechowujmy w sercach t\u0119 \u015bwiadomo\u015b\u0107 i niech ona stanie si\u0119 zach\u0119t\u0105 do g\u0142\u0119bokiej refleksji o Polsce, nad tym, jak\u0105 by\u0142a, jak\u0105 jest i jak\u0105 powinna by\u0107\u201d.<\/li>\n<li>Po Mszach \u015awi\u0119tych mo\u017cna naby\u0107 \u015bwiece Wigilijnego Dzie\u0142a Pomocy Dzieciom. Zach\u0119cam do wsparcia tej inicjatywy.<\/li>\n<li>Na op\u0142aty za podgrzewanie ko\u015bcio\u0142a z\u0142o\u017cono ofiary z nast\u0119puj\u0105cych miejscowo\u015bci: Milewo cz\u0119\u015b\u0107 I od p. Sta\u0144czaka, Milewo cz\u0119\u015b\u0107 II od p. Olczak, Wierzb\u00f3wiec, Smardzewo Poduchowne, Smardzewo Kolonia, S\u0142oszewo Kolonia oraz od rodzin z r\u00f3\u017cnych wiosek. Serdeczne B\u00f3g zap\u0142a\u0107 za ofiary.<\/li>\n<li>Zach\u0119cam do nabycia prasy katolickiej.<\/li>\n<li>W tym tygodniu\u00a0 odszed\u0142 \u00a0do wieczno\u015bci \u015bw. pami\u0119ci Antoni Szt\u0119gierski, kt\u00f3ry prze\u017cy\u0142 78 lat. Od uczestnik\u00f3w pogrzebu b\u0119dzie odprawionych 9 Mszy \u015awi\u0119tych. Zmar\u0142ego + Antoniego \u00a0pole\u0107my mi\u0142osierdziu Bo\u017cemu: <em>Dobry Jezu, a nasz Panie, daj im wieczne spoczywanie\u2026<\/em><\/li>\n<\/ol>\n","protected":false},"excerpt":{"rendered":"<p>OG\u0141OSZENIA DUSZPASTERSKIE Mimo przypadaj\u0105cej dzi\u015b drugiej niedzieli Adwentu, zgodnie z dekretem watyka\u0144skiej Dykasterii ds. Kultu Bo\u017cego i Dyscypliny Sakrament\u00f3w, w Ko\u015bciele obchodzimy uroczysto\u015b\u0107 Niepokalanego Pocz\u0119cia Naj\u015bwi\u0119tszej Maryi Panny, kt\u00f3ra przypada zawsze 8 grudnia. Uroczysto\u015b\u0107 ta wyra\u017ca wiar\u0119 Ko\u015bcio\u0142a w to, \u017ce Maryja, wybrana na matk\u0119 Syna Bo\u017cego, jako jedyna z ludzi zosta\u0142a pocz\u0119ta i urodzi\u0142a &hellip; <\/p>\n<p><a class=\"more-link btn\" href=\"https:\/\/parafiasmardzewo.pl\/?p=9799\">Kontynuuj czytanie<\/a><\/p>\n","protected":false},"author":2,"featured_media":3486,"comment_status":"open","ping_status":"open","sticky":false,"template":"","format":"standard","meta":[],"categories":[2],"tags":[],"_links":{"self":[{"href":"https:\/\/parafiasmardzewo.pl\/index.php?rest_route=\/wp\/v2\/posts\/9799"}],"collection":[{"href":"https:\/\/parafiasmardzewo.pl\/index.php?rest_route=\/wp\/v2\/posts"}],"about":[{"href":"https:\/\/parafiasmardzewo.pl\/index.php?rest_route=\/wp\/v2\/types\/post"}],"author":[{"embeddable":true,"href":"https:\/\/parafiasmardzewo.pl\/index.php?rest_route=\/wp\/v2\/users\/2"}],"replies":[{"embeddable":true,"href":"https:\/\/parafiasmardzewo.pl\/index.php?rest_route=%2Fwp%2Fv2%2Fcomments&post=9799"}],"version-history":[{"count":1,"href":"https:\/\/parafiasmardzewo.pl\/index.php?rest_route=\/wp\/v2\/posts\/9799\/revisions"}],"predecessor-version":[{"id":9800,"href":"https:\/\/parafiasmardzewo.pl\/index.php?rest_route=\/wp\/v2\/posts\/9799\/revisions\/9800"}],"wp:featuredmedia":[{"embeddable":true,"href":"https:\/\/parafiasmardzewo.pl\/index.php?rest_route=\/wp\/v2\/media\/3486"}],"wp:attachment":[{"href":"https:\/\/parafiasmardzewo.pl\/index.php?rest_route=%2Fwp%2Fv2%2Fmedia&parent=9799"}],"wp:term":[{"taxonomy":"category","embeddable":true,"href":"https:\/\/parafiasmardzewo.pl\/index.php?rest_route=%2Fwp%2Fv2%2Fcategories&post=9799"},{"taxonomy":"post_tag","embeddable":true,"href":"https:\/\/parafiasmardzewo.pl\/index.php?rest_route=%2Fwp%2Fv2%2Ftags&post=9799"}],"curies":[{"name":"wp","href":"https:\/\/api.w.org\/{rel}","templated":true}]}}