{"id":9801,"date":"2024-12-07T22:49:35","date_gmt":"2024-12-07T21:49:35","guid":{"rendered":"https:\/\/parafiasmardzewo.pl\/?p=9801"},"modified":"2024-12-07T22:49:35","modified_gmt":"2024-12-07T21:49:35","slug":"msze-swiete-od-9-15-grudnia-2024-roku","status":"publish","type":"post","link":"https:\/\/parafiasmardzewo.pl\/?p=9801","title":{"rendered":"Msze \u015awi\u0119te od 9 &#8211; 15 grudnia 2024 roku"},"content":{"rendered":"<p><strong>Poniedzia\u0142ek<\/strong><\/p>\n<p><strong>godz. 7.30 <\/strong>+ \u00a0gregorianka; 2) + Marian Za\u0142\u0119cki int. p.<\/p>\n<p><strong>Wtorek<\/strong><\/p>\n<p><strong>godz. 7.30<\/strong> + gregorianka<\/p>\n<p><strong>\u015aroda <\/strong><\/p>\n<p><strong>godz. 16.00<\/strong> + \u00a0gregorianka<\/p>\n<p><strong>Czwartek<\/strong><\/p>\n<p><strong>godz. 16.00 + <\/strong>\u00a0gregorianka<\/p>\n<p><strong>Pi\u0105tek<\/strong><\/p>\n<p><strong>godz. 7.30 + <\/strong>gregorianka<\/p>\n<p><strong>Sobota<\/strong><\/p>\n<p><strong>godz. 7.30<\/strong> + gregorianka<\/p>\n<p><strong>godz. 16.00<\/strong> + Jan Benedykt Wyrwich \u2013 int. p.<\/p>\n<p><strong>Niedziela<\/strong><\/p>\n<p><strong>godz. 9.00 <\/strong>\u00a0+ \u00a0W intencji parafian i go\u015bci); 2) + \u00a0Aleksander i Stefania Gnatowscy oraz Piotr Tralewicz<\/p>\n<p><strong>godz. 10.45 \u00a0+ <\/strong>\u00a0Wies\u0142aw Kwiatkowski \u2013 int. p (4) 2) + gregorianka<\/p>\n<p><strong>godz. 16.00 <\/strong>+ \u00a0\u0141ukasz Popio\u0142kowski \u00a0(ta Msza \u015awi\u0119ta mo\u017ce by\u0107 odprawiona o godz. 9.00 zamiast o godz. 16.00) 2) W intencji parafian i go\u015bci<\/p>\n<p>&nbsp;<\/p>\n<p>&nbsp;<\/p>\n","protected":false},"excerpt":{"rendered":"<p>Poniedzia\u0142ek godz. 7.30 + \u00a0gregorianka; 2) + Marian Za\u0142\u0119cki int. p. Wtorek godz. 7.30 + gregorianka \u015aroda godz. 16.00 + \u00a0gregorianka Czwartek godz. 16.00 + \u00a0gregorianka Pi\u0105tek godz. 7.30 + gregorianka Sobota godz. 7.30 + gregorianka godz. 16.00 + Jan Benedykt Wyrwich \u2013 int. p. Niedziela godz. 9.00 \u00a0+ \u00a0W intencji parafian i go\u015bci); 2) &hellip; <\/p>\n<p><a class=\"more-link btn\" href=\"https:\/\/parafiasmardzewo.pl\/?p=9801\">Kontynuuj czytanie<\/a><\/p>\n","protected":false},"author":2,"featured_media":8627,"comment_status":"open","ping_status":"open","sticky":false,"template":"","format":"standard","meta":[],"categories":[5],"tags":[],"_links":{"self":[{"href":"https:\/\/parafiasmardzewo.pl\/index.php?rest_route=\/wp\/v2\/posts\/9801"}],"collection":[{"href":"https:\/\/parafiasmardzewo.pl\/index.php?rest_route=\/wp\/v2\/posts"}],"about":[{"href":"https:\/\/parafiasmardzewo.pl\/index.php?rest_route=\/wp\/v2\/types\/post"}],"author":[{"embeddable":true,"href":"https:\/\/parafiasmardzewo.pl\/index.php?rest_route=\/wp\/v2\/users\/2"}],"replies":[{"embeddable":true,"href":"https:\/\/parafiasmardzewo.pl\/index.php?rest_route=%2Fwp%2Fv2%2Fcomments&post=9801"}],"version-history":[{"count":1,"href":"https:\/\/parafiasmardzewo.pl\/index.php?rest_route=\/wp\/v2\/posts\/9801\/revisions"}],"predecessor-version":[{"id":9802,"href":"https:\/\/parafiasmardzewo.pl\/index.php?rest_route=\/wp\/v2\/posts\/9801\/revisions\/9802"}],"wp:featuredmedia":[{"embeddable":true,"href":"https:\/\/parafiasmardzewo.pl\/index.php?rest_route=\/wp\/v2\/media\/8627"}],"wp:attachment":[{"href":"https:\/\/parafiasmardzewo.pl\/index.php?rest_route=%2Fwp%2Fv2%2Fmedia&parent=9801"}],"wp:term":[{"taxonomy":"category","embeddable":true,"href":"https:\/\/parafiasmardzewo.pl\/index.php?rest_route=%2Fwp%2Fv2%2Fcategories&post=9801"},{"taxonomy":"post_tag","embeddable":true,"href":"https:\/\/parafiasmardzewo.pl\/index.php?rest_route=%2Fwp%2Fv2%2Ftags&post=9801"}],"curies":[{"name":"wp","href":"https:\/\/api.w.org\/{rel}","templated":true}]}}