{"id":9803,"date":"2024-12-14T22:13:41","date_gmt":"2024-12-14T21:13:41","guid":{"rendered":"https:\/\/parafiasmardzewo.pl\/?p=9803"},"modified":"2024-12-14T22:46:53","modified_gmt":"2024-12-14T21:46:53","slug":"trzecia-niedziela-adwentu-15-grudnia-2024","status":"publish","type":"post","link":"https:\/\/parafiasmardzewo.pl\/?p=9803","title":{"rendered":"TRZECIA NIEDZIELA ADWENTU &#8211; 15 grudnia 2024"},"content":{"rendered":"<p><strong>OG\u0141OSZENIA DUSZPASTERSKIE<\/strong><\/p>\n<p>&nbsp;<\/p>\n<ol>\n<li>W tym tygodniu, od wtorku, 17 grudnia, rozpoczniemy okres bezpo\u015bredniego przygotowania do uroczysto\u015bci Narodzenia Pa\u0144skiego. Wykorzystajmy ten czas na szczeg\u00f3lne pog\u0142\u0119bienie wi\u0119zi z domownikami oraz z naszym Ko\u015bcio\u0142em parafialnym, w kt\u00f3rym uczymy si\u0119 przyja\u017ani z Panem Bogiem, aby dalej w niej wzrasta\u0107, dojrzewa\u0107 i dzieli\u0107 si\u0119 ni\u0105 z innymi.<\/li>\n<\/ol>\n<ol start=\"2\">\n<li>Trzeci\u0105 niedziel\u0119 Adwentu nazywamy niedziel\u0105 <em>Gaudete<\/em> \u2013 \u201eRadujcie si\u0119!\u201d, od s\u0142\u00f3w z Listu \u015awi\u0119tego Paw\u0142a do Filipian (Flp 4,4-5): \u201eRadujcie si\u0119 zawsze w Panu, raz jeszcze powtarzam: radujcie si\u0119! Pan jest blisko\u201d. Dlatego te\u017c w dzisiejszej liturgii zamiast fioletowych pojawi\u0142y si\u0119 szaty r\u00f3\u017cowe.<\/li>\n<li>Dzisiaj rozpoczynamy te\u017c kwartalne dni modlitw o chrze\u015bcija\u0144skie \u017cycie rodzin. Trosce o trudn\u0105 codzienno\u015b\u0107 naszych rodzin niech towarzyszy modlitwa, tak\u017ce ta wsp\u00f3lnotowa domowego Ko\u015bcio\u0142a.<\/li>\n<li>W najbli\u017cszy wtorek przypadaj\u0105 88. urodziny papie\u017ca Franciszka \u2013 w osobistych modlitwach polecajmy jego osob\u0119 i pos\u0142ug\u0119 Bo\u017cej Opatrzno\u015bci, aby prowadzi\u0142 bezpiecznie Ko\u015bci\u00f3\u0142 przez niespokojne wsp\u00f3\u0142czesne czasy.<\/li>\n<li><strong>W \u015brod\u0119\u00a0 zapraszam na godz. 16.00 na roraty, natomiast w sobot\u0119 na godz. 7.30.<\/strong><\/li>\n<li>Przed \u015bwi\u0119tami Bo\u017cego Narodzenia zazwyczaj my\u015blimy te\u017c o \u015bwi\u0105tecznych prezentach, zw\u0142aszcza dla dzieci. Zwyczaj ten ma swoje religijne uzasadnienie. Mo\u017ce wyra\u017ca\u0107 wszelkie dobro, jakie Jezus Chrystus przyni\u00f3s\u0142 ca\u0142ej ludzko\u015bci. Nie zapominajmy przy tej okazji o\u00a0dzieciach, kt\u00f3rym mo\u017ce od lat nikt nie daje \u015bwi\u0105tecznych upomink\u00f3w. Zechciejmy je dostrzec wok\u00f3\u0142 siebie i poszerzy\u0107 swoje serca. Pan Jezus zapewnia: \u201eCo\u015bcie uczynili jednemu z tych najmniejszych, Mnie\u015bcie uczynili\u201d. Rado\u015b\u0107 tych dzieci b\u0119dzie dla nas najlepsz\u0105 zap\u0142at\u0105.<\/li>\n<li>Zach\u0119cam do nabycia prasy katolickiej. <strong><em>Go\u015b\u0107 Niedzielny<\/em><\/strong> i dwumiesi\u0119cznik <strong><em>Historia Ko\u015bcio\u0142a<\/em><\/strong>, zatytu\u0142owany: <strong>Co wiemy o dzieci\u0144stwie Jezusa?<\/strong><\/li>\n<li>W tym tygodniu z naszej wsp\u00f3lnoty odesz\u0142a do wieczno\u015bci \u015bw. p. Marta Banasiewicz, kt\u00f3ra prze\u017cy\u0142a 78 lat. Od uczestnik\u00f3w pogrzebu b\u0119dzie odprawionych 10 Mszy \u015awi\u0119tych.<\/li>\n<\/ol>\n<p>&nbsp;<\/p>\n<p><strong>\u00a0<\/strong><\/p>\n","protected":false},"excerpt":{"rendered":"<p>OG\u0141OSZENIA DUSZPASTERSKIE &nbsp; W tym tygodniu, od wtorku, 17 grudnia, rozpoczniemy okres bezpo\u015bredniego przygotowania do uroczysto\u015bci Narodzenia Pa\u0144skiego. Wykorzystajmy ten czas na szczeg\u00f3lne pog\u0142\u0119bienie wi\u0119zi z domownikami oraz z naszym Ko\u015bcio\u0142em parafialnym, w kt\u00f3rym uczymy si\u0119 przyja\u017ani z Panem Bogiem, aby dalej w niej wzrasta\u0107, dojrzewa\u0107 i dzieli\u0107 si\u0119 ni\u0105 z innymi. Trzeci\u0105 niedziel\u0119 Adwentu &hellip; <\/p>\n<p><a class=\"more-link btn\" href=\"https:\/\/parafiasmardzewo.pl\/?p=9803\">Kontynuuj czytanie<\/a><\/p>\n","protected":false},"author":2,"featured_media":3486,"comment_status":"open","ping_status":"open","sticky":false,"template":"","format":"standard","meta":[],"categories":[2],"tags":[],"_links":{"self":[{"href":"https:\/\/parafiasmardzewo.pl\/index.php?rest_route=\/wp\/v2\/posts\/9803"}],"collection":[{"href":"https:\/\/parafiasmardzewo.pl\/index.php?rest_route=\/wp\/v2\/posts"}],"about":[{"href":"https:\/\/parafiasmardzewo.pl\/index.php?rest_route=\/wp\/v2\/types\/post"}],"author":[{"embeddable":true,"href":"https:\/\/parafiasmardzewo.pl\/index.php?rest_route=\/wp\/v2\/users\/2"}],"replies":[{"embeddable":true,"href":"https:\/\/parafiasmardzewo.pl\/index.php?rest_route=%2Fwp%2Fv2%2Fcomments&post=9803"}],"version-history":[{"count":3,"href":"https:\/\/parafiasmardzewo.pl\/index.php?rest_route=\/wp\/v2\/posts\/9803\/revisions"}],"predecessor-version":[{"id":9808,"href":"https:\/\/parafiasmardzewo.pl\/index.php?rest_route=\/wp\/v2\/posts\/9803\/revisions\/9808"}],"wp:featuredmedia":[{"embeddable":true,"href":"https:\/\/parafiasmardzewo.pl\/index.php?rest_route=\/wp\/v2\/media\/3486"}],"wp:attachment":[{"href":"https:\/\/parafiasmardzewo.pl\/index.php?rest_route=%2Fwp%2Fv2%2Fmedia&parent=9803"}],"wp:term":[{"taxonomy":"category","embeddable":true,"href":"https:\/\/parafiasmardzewo.pl\/index.php?rest_route=%2Fwp%2Fv2%2Fcategories&post=9803"},{"taxonomy":"post_tag","embeddable":true,"href":"https:\/\/parafiasmardzewo.pl\/index.php?rest_route=%2Fwp%2Fv2%2Ftags&post=9803"}],"curies":[{"name":"wp","href":"https:\/\/api.w.org\/{rel}","templated":true}]}}