{"id":9805,"date":"2024-12-14T22:42:03","date_gmt":"2024-12-14T21:42:03","guid":{"rendered":"https:\/\/parafiasmardzewo.pl\/?p=9805"},"modified":"2024-12-14T22:42:03","modified_gmt":"2024-12-14T21:42:03","slug":"msze-swiete-od-16-22-grudnia-2024-roku","status":"publish","type":"post","link":"https:\/\/parafiasmardzewo.pl\/?p=9805","title":{"rendered":"Msze \u015awi\u0119te od 16 &#8211; 22 grudnia 2024 roku"},"content":{"rendered":"<p><strong>Poniedzia\u0142ek<\/strong><\/p>\n<p><strong>godz. 7.30 <\/strong>+ \u00a0gregorianka<\/p>\n<p><strong>godz. 16.00<\/strong> + Dariusz Czerniakowski \u2013 int. p.<\/p>\n<p><strong>Wtorek<\/strong><\/p>\n<p><strong>godz. 7.30<\/strong> + gregorianka<\/p>\n<p><strong>\u015aroda <\/strong><\/p>\n<p><strong>godz. 16.00<\/strong> + \u00a0gregorianka<\/p>\n<p><strong>Czwartek<\/strong><\/p>\n<p><strong>godz. 16.00 + <\/strong>\u00a0gregorianka<\/p>\n<p><strong>Pi\u0105tek<\/strong><\/p>\n<p><strong>godz. 7.30 + <\/strong>gregorianka<\/p>\n<p><strong>godz. 16.00<\/strong> + Marta Banasiewicz &#8211; int. p.<\/p>\n<p><strong>Sobota<\/strong><\/p>\n<p><strong>godz. 7.30<\/strong> + gregorianka &#8211; <strong>roraty<\/strong><\/p>\n<p><strong>Niedziela<\/strong><\/p>\n<p><strong>godz. 9.00<\/strong> + Izabela Sawa oraz zmar\u0142ych z rodziny Saw\u00f3w, Krawczyk\u00f3w, Horosi\u00f3w i mieszka\u0144c\u00f3w K\u0119py; 2) + Piotr B\u0142aszkowski<\/p>\n<p><strong>godz. 10.45 \u00a0+ <\/strong>\u00a0gregorianka; 2) + Ma\u0142gorzata Lewicka<\/p>\n<p><strong>godz. 16.00 <\/strong>+ Jerzy Za\u0142\u0119cki, r-c\u00f3w i dziadk\u00f3w Za\u0142\u0119ckich; 2) W intencji parafian i go\u015bci<\/p>\n<p>&nbsp;<\/p>\n","protected":false},"excerpt":{"rendered":"<p>Poniedzia\u0142ek godz. 7.30 + \u00a0gregorianka godz. 16.00 + Dariusz Czerniakowski \u2013 int. p. Wtorek godz. 7.30 + gregorianka \u015aroda godz. 16.00 + \u00a0gregorianka Czwartek godz. 16.00 + \u00a0gregorianka Pi\u0105tek godz. 7.30 + gregorianka godz. 16.00 + Marta Banasiewicz &#8211; int. p. Sobota godz. 7.30 + gregorianka &#8211; roraty Niedziela godz. 9.00 + Izabela Sawa oraz &hellip; <\/p>\n<p><a class=\"more-link btn\" href=\"https:\/\/parafiasmardzewo.pl\/?p=9805\">Kontynuuj czytanie<\/a><\/p>\n","protected":false},"author":2,"featured_media":7439,"comment_status":"open","ping_status":"open","sticky":false,"template":"","format":"standard","meta":[],"categories":[5],"tags":[],"_links":{"self":[{"href":"https:\/\/parafiasmardzewo.pl\/index.php?rest_route=\/wp\/v2\/posts\/9805"}],"collection":[{"href":"https:\/\/parafiasmardzewo.pl\/index.php?rest_route=\/wp\/v2\/posts"}],"about":[{"href":"https:\/\/parafiasmardzewo.pl\/index.php?rest_route=\/wp\/v2\/types\/post"}],"author":[{"embeddable":true,"href":"https:\/\/parafiasmardzewo.pl\/index.php?rest_route=\/wp\/v2\/users\/2"}],"replies":[{"embeddable":true,"href":"https:\/\/parafiasmardzewo.pl\/index.php?rest_route=%2Fwp%2Fv2%2Fcomments&post=9805"}],"version-history":[{"count":1,"href":"https:\/\/parafiasmardzewo.pl\/index.php?rest_route=\/wp\/v2\/posts\/9805\/revisions"}],"predecessor-version":[{"id":9806,"href":"https:\/\/parafiasmardzewo.pl\/index.php?rest_route=\/wp\/v2\/posts\/9805\/revisions\/9806"}],"wp:featuredmedia":[{"embeddable":true,"href":"https:\/\/parafiasmardzewo.pl\/index.php?rest_route=\/wp\/v2\/media\/7439"}],"wp:attachment":[{"href":"https:\/\/parafiasmardzewo.pl\/index.php?rest_route=%2Fwp%2Fv2%2Fmedia&parent=9805"}],"wp:term":[{"taxonomy":"category","embeddable":true,"href":"https:\/\/parafiasmardzewo.pl\/index.php?rest_route=%2Fwp%2Fv2%2Fcategories&post=9805"},{"taxonomy":"post_tag","embeddable":true,"href":"https:\/\/parafiasmardzewo.pl\/index.php?rest_route=%2Fwp%2Fv2%2Ftags&post=9805"}],"curies":[{"name":"wp","href":"https:\/\/api.w.org\/{rel}","templated":true}]}}