{"id":9809,"date":"2024-12-21T22:17:29","date_gmt":"2024-12-21T21:17:29","guid":{"rendered":"https:\/\/parafiasmardzewo.pl\/?p=9809"},"modified":"2024-12-21T23:33:44","modified_gmt":"2024-12-21T22:33:44","slug":"czwarta-niedziela-adwentu-22-grudnia-2024","status":"publish","type":"post","link":"https:\/\/parafiasmardzewo.pl\/?p=9809","title":{"rendered":"CZWARTA NIEDZIELA ADWENTU &#8211; 22 grudnia 2024"},"content":{"rendered":"<p><strong>OG\u0141OSZENIA DUSZPASTERSKIE<\/strong><\/p>\n<ol>\n<li>W tym tygodniu, dok\u0142adnie 24 grudnia, papie\u017c Franciszek dokona uroczystego otwarcia Drzwi \u015awi\u0119tych w Bazylice \u015awi\u0119tego Piotra na Watykanie. W ten spos\u00f3b w ca\u0142ym Ko\u015bciele powszechnym rozpoczn\u0105 si\u0119 obchody Roku Jubileuszowego 2025. Te Drzwi \u015awi\u0119te zostan\u0105 zamkni\u0119te dopiero 6 stycznia 2026 roku. Przypomn\u0119, \u017ce has\u0142o Roku Jubileuszowego brzmi: <strong>\u201ePielgrzymi nadziei\u201d,<\/strong> a prze\u017cycie tego \u015bwi\u0119tego czasu ma s\u0142u\u017cy\u0107 o\u017cywieniu nie tylko naszej wiary, ale w\u0142a\u015bnie nadziei. Niech to b\u0119dzie czas \u017cywego i osobistego spotkania z Panem Jezusem, kt\u00f3ry jest brama naszego zbawienia.<\/li>\n<li>W najbli\u017cszych dniach b\u0119dziemy prze\u017cywali uroczysto\u015b\u0107 Narodzenia Pa\u0144skiego. Liturgiczny obch\u00f3d pami\u0105tki narodzenia Chrystusa rozpoczniemy od <strong>Pasterki, czyli Mszy \u015awi\u0119tej sprawowanej, w naszym ko\u015bciele we wtorek, \u00a0o godz. 22.00<\/strong>.\u00a0 Wcze\u015bniej w naszych domach, wsp\u00f3lnotach rodzinnych zadbajmy o tradycyjn\u0105, chrze\u015bcija\u0144sk\u0105 opraw\u0119 wigilijnej wieczerzy. Niech to b\u0119dzie okazja, mo\u017ce jedyna w roku, do pojednania, zgody, wyci\u0105gni\u0119cia przyjaznej d\u0142oni do kogo\u015b spo\u015br\u00f3d bliskich, znajomych, w s\u0105siedztwie. Niech wigilijnej wieczerzy towarzysz\u0105 wsp\u00f3lna modlitwa, lektura fragmentu Pisma \u015awi\u0119tego o narodzeniu Zbawiciela \u015bwiata (Ewangelia wg \u015bw. \u0141ukasza (2, 1 &#8211; 14)), \u0142amanie si\u0119 op\u0142atkiem, wsp\u00f3lny \u015bpiew kol\u0119d i pastora\u0142ek. Nie podawajmy na wigilijny st\u00f3\u0142 alkoholu, tradycyjnie zachowajmy te\u017c wstrzemi\u0119\u017aliwo\u015b\u0107 od potraw mi\u0119snych. Przy wigilijnym stole pami\u0119tajmy o ubogich i samotnych. Zakorzenione w naszej tradycji dodatkowe miejsce przy stole wcale nie musi pozosta\u0107 puste. Niech czas Bo\u017cego Narodzenia b\u0119dzie przepe\u0142niony chrze\u015bcija\u0144sk\u0105, wzajemn\u0105 \u017cyczliwo\u015bci\u0105 i dobroci\u0105. Pami\u0119ci\u0105 obejmijmy r\u00f3wnie\u017c tych, kt\u00f3rzy ju\u017c od nas odeszli do domu Ojca, a \u017cyli z nami, kochali nas i dla nas si\u0119 trudzili.<\/li>\n<li>W pierwszy dzie\u0144 \u015bwi\u0105t Msze \u015awi\u0119te b\u0119d\u0105 sprawowane o godz. 9.00 i 10. 45. W drugi dzie\u0144 \u015bwi\u0105t w \u015bwi\u0119to \u015bw. Szczepana, pierwszego m\u0119czennika, Eucharystia b\u0119dzie sprawowana o godz. 9.00 \u2013 10.45 &#8211;\u00a0 00.<\/li>\n<li>Zach\u0119cam do skorzystania z Bo\u017cego mi\u0142osierdzia w sakramencie pokuty, jeszcze przed \u015bwi\u0119tami.<\/li>\n<li>W naszej \u015bwi\u0105tyni mamy ju\u017c zainstalowane cztery nowe konfesjona\u0142y. Koszt zakupu wynosi sto dziesi\u0119\u0107 tysi\u0119cy \u00a0z\u0142otych.<\/li>\n<li>Za tydzie\u0144, 29 grudnia, po Mszy \u015awi\u0119tej o godz. 16.00 odb\u0119dzie si\u0119 <strong><em>Wiecz\u00f3r kol\u0119d<\/em><\/strong> w wykonaniu uczni\u00f3w Szko\u0142y Podstawowej im. Powsta\u0144c\u00f3w Styczniowych 1863 r. w Smardzewie. Program przygotowa\u0142a pani Iwona Kowalska, nauczycielka muzyki w naszej szkole. Serdecznie zapraszam parafian i go\u015bci na to wsp\u00f3lne kol\u0119dowanie.<\/li>\n<li>Zach\u0119cam do nabycia prasy katolickiej.<\/li>\n<li>Solenizantom i jubilatom tego tygodnia \u017cyczymy otwarto\u015bci na przychodz\u0105cego Pana, pos\u0142usze\u0144stwa Jego zbawczej woli oraz gorliwego wype\u0142niania codziennych obowi\u0105zk\u00f3w.<\/li>\n<\/ol>\n<p><strong>W TYM TYGODNIU PATRONUJ\u0104 NAM:<\/strong><\/p>\n<p>&#8211; w czwartek, 26 grudnia \u2013 \u015awi\u0119ty Szczepan, jeden z siedmiu diakon\u00f3w Ko\u015bcio\u0142a jerozolimskiego, pierwszy m\u0119czennik za wiar\u0119;<\/p>\n<p>&#8211; w pi\u0105tek, 27 grudnia \u2013 \u015awi\u0119ty Jan Aposto\u0142 i Ewangelista, najm\u0142odszy z grona Aposto\u0142\u00f3w, umi\u0142owany ucze\u0144 Pana Jezusa;<\/p>\n<p>&#8211; w sobot\u0119, 28 grudnia \u2013 \u015awi\u0119ci M\u0142odziankowie, m\u0119czennicy, kt\u00f3rzy ponie\u015bli \u015bmier\u0107 z\u00a0powodu przyj\u015bcia na \u015bwiat Zbawiciela na rozkaz Heroda.<\/p>\n","protected":false},"excerpt":{"rendered":"<p>OG\u0141OSZENIA DUSZPASTERSKIE W tym tygodniu, dok\u0142adnie 24 grudnia, papie\u017c Franciszek dokona uroczystego otwarcia Drzwi \u015awi\u0119tych w Bazylice \u015awi\u0119tego Piotra na Watykanie. W ten spos\u00f3b w ca\u0142ym Ko\u015bciele powszechnym rozpoczn\u0105 si\u0119 obchody Roku Jubileuszowego 2025. Te Drzwi \u015awi\u0119te zostan\u0105 zamkni\u0119te dopiero 6 stycznia 2026 roku. Przypomn\u0119, \u017ce has\u0142o Roku Jubileuszowego brzmi: \u201ePielgrzymi nadziei\u201d, a prze\u017cycie tego &hellip; <\/p>\n<p><a class=\"more-link btn\" href=\"https:\/\/parafiasmardzewo.pl\/?p=9809\">Kontynuuj czytanie<\/a><\/p>\n","protected":false},"author":2,"featured_media":3486,"comment_status":"open","ping_status":"open","sticky":false,"template":"","format":"standard","meta":[],"categories":[2],"tags":[],"_links":{"self":[{"href":"https:\/\/parafiasmardzewo.pl\/index.php?rest_route=\/wp\/v2\/posts\/9809"}],"collection":[{"href":"https:\/\/parafiasmardzewo.pl\/index.php?rest_route=\/wp\/v2\/posts"}],"about":[{"href":"https:\/\/parafiasmardzewo.pl\/index.php?rest_route=\/wp\/v2\/types\/post"}],"author":[{"embeddable":true,"href":"https:\/\/parafiasmardzewo.pl\/index.php?rest_route=\/wp\/v2\/users\/2"}],"replies":[{"embeddable":true,"href":"https:\/\/parafiasmardzewo.pl\/index.php?rest_route=%2Fwp%2Fv2%2Fcomments&post=9809"}],"version-history":[{"count":7,"href":"https:\/\/parafiasmardzewo.pl\/index.php?rest_route=\/wp\/v2\/posts\/9809\/revisions"}],"predecessor-version":[{"id":9817,"href":"https:\/\/parafiasmardzewo.pl\/index.php?rest_route=\/wp\/v2\/posts\/9809\/revisions\/9817"}],"wp:featuredmedia":[{"embeddable":true,"href":"https:\/\/parafiasmardzewo.pl\/index.php?rest_route=\/wp\/v2\/media\/3486"}],"wp:attachment":[{"href":"https:\/\/parafiasmardzewo.pl\/index.php?rest_route=%2Fwp%2Fv2%2Fmedia&parent=9809"}],"wp:term":[{"taxonomy":"category","embeddable":true,"href":"https:\/\/parafiasmardzewo.pl\/index.php?rest_route=%2Fwp%2Fv2%2Fcategories&post=9809"},{"taxonomy":"post_tag","embeddable":true,"href":"https:\/\/parafiasmardzewo.pl\/index.php?rest_route=%2Fwp%2Fv2%2Ftags&post=9809"}],"curies":[{"name":"wp","href":"https:\/\/api.w.org\/{rel}","templated":true}]}}