{"id":9818,"date":"2024-12-22T08:18:21","date_gmt":"2024-12-22T07:18:21","guid":{"rendered":"https:\/\/parafiasmardzewo.pl\/?p=9818"},"modified":"2024-12-22T08:18:21","modified_gmt":"2024-12-22T07:18:21","slug":"msze-swiete-od-23-29-grudnia-2024-roku","status":"publish","type":"post","link":"https:\/\/parafiasmardzewo.pl\/?p=9818","title":{"rendered":"Msze \u015awi\u0119te od 23 &#8211; 29 grudnia 2024 roku"},"content":{"rendered":"<p>Poniedzia\u0142ek<\/p>\n<p><strong>godz. 7.30 <\/strong>+ \u00a0gregorianka<\/p>\n<p><strong>godz. 16.00<\/strong> + Feliksa Kacperska- rocznica \u015bmierci (7), Barbara\u00a0 (2), Miros\u0142aw i Jacek \u00a0Marciniak; 2) + Genowefa Wi\u015bniewska \u2013 int. p.<\/p>\n<p><strong>Wtorek<\/strong><\/p>\n<p><strong>godz. 7.30<\/strong> + gregorianka<\/p>\n<p><strong>godz.<\/strong> <strong>22.00 PASTERKA<\/strong><\/p>\n<p><strong>\u015aroda <\/strong><\/p>\n<p><strong>godz. 9.00 + <\/strong>gregorianka; 2) Msza \u015awi\u0119ta dzi\u0119kczynna za otrzymane \u0142aski<\/p>\n<p><strong>godz. 10.45<\/strong> Msza \u015awi\u0119ta dzi\u0119kczynna za szcz\u0119\u015bliwy powr\u00f3t do zdrowia Artura Ko\u0142odziejczyka; 2)Dzi\u0119kczynno-b\u0142agalna dla Przemys\u0142awa w rocznic\u0119 urodzin (18)<\/p>\n<p><strong>Czwartek<\/strong><\/p>\n<p><strong>godz. 9.00 <\/strong>Dzi\u0119kczynna i o Bo\u017ce b\u0142ogos\u0142awie\u0144stwo dla Tomasza Go\u0142\u0119biewskiego w rocznic\u0119 urodzin (33); 2) W intencji parafian i go\u015bci<\/p>\n<p><strong>godz. 10.45<\/strong> + Marcin Dziedzic \u2013 rocznica \u015bmierci (5); 2) W intencji Ojczyzny<\/p>\n<p><strong>godz. 16.00 + <\/strong>\u00a0gregorianka; 2) + ks. Stanis\u0142aw Zakrzewski<\/p>\n<p><strong>Pi\u0105tek<\/strong><\/p>\n<p><strong>godz. 16.00 + <\/strong>gregorianka<\/p>\n<p><strong>Sobota<\/strong><\/p>\n<p><strong>godz. 7.30<\/strong> + gregorianka<\/p>\n<p><strong>Niedziela<\/strong><\/p>\n<p><strong>godz. 9.00<\/strong> + gregorianka; O \u0142ask\u0119 zdrowia dla Katarzyny<\/p>\n<p><strong>godz. 10.45 \u00a0<\/strong>O \u0142ask\u0119 zdrowia dla osoby Bogu wiadomej i za zmar\u0142ych + Marianna i Zygmunt Kowalscy oraz Joanna Stachurska; 2) + Wojciech Kucharzak \u2013 rocznica \u015bmierci (4)<\/p>\n<p><strong>godz. 16.00 + <\/strong>Marcin Gajewski<strong> \u2013 <\/strong>rocznicowa; 2) W intencji parafian i go\u015bci<\/p>\n","protected":false},"excerpt":{"rendered":"<p>Poniedzia\u0142ek godz. 7.30 + \u00a0gregorianka godz. 16.00 + Feliksa Kacperska- rocznica \u015bmierci (7), Barbara\u00a0 (2), Miros\u0142aw i Jacek \u00a0Marciniak; 2) + Genowefa Wi\u015bniewska \u2013 int. p. Wtorek godz. 7.30 + gregorianka godz. 22.00 PASTERKA \u015aroda godz. 9.00 + gregorianka; 2) Msza \u015awi\u0119ta dzi\u0119kczynna za otrzymane \u0142aski godz. 10.45 Msza \u015awi\u0119ta dzi\u0119kczynna za szcz\u0119\u015bliwy powr\u00f3t do &hellip; <\/p>\n<p><a class=\"more-link btn\" href=\"https:\/\/parafiasmardzewo.pl\/?p=9818\">Kontynuuj czytanie<\/a><\/p>\n","protected":false},"author":2,"featured_media":9547,"comment_status":"open","ping_status":"open","sticky":false,"template":"","format":"standard","meta":[],"categories":[5],"tags":[],"_links":{"self":[{"href":"https:\/\/parafiasmardzewo.pl\/index.php?rest_route=\/wp\/v2\/posts\/9818"}],"collection":[{"href":"https:\/\/parafiasmardzewo.pl\/index.php?rest_route=\/wp\/v2\/posts"}],"about":[{"href":"https:\/\/parafiasmardzewo.pl\/index.php?rest_route=\/wp\/v2\/types\/post"}],"author":[{"embeddable":true,"href":"https:\/\/parafiasmardzewo.pl\/index.php?rest_route=\/wp\/v2\/users\/2"}],"replies":[{"embeddable":true,"href":"https:\/\/parafiasmardzewo.pl\/index.php?rest_route=%2Fwp%2Fv2%2Fcomments&post=9818"}],"version-history":[{"count":1,"href":"https:\/\/parafiasmardzewo.pl\/index.php?rest_route=\/wp\/v2\/posts\/9818\/revisions"}],"predecessor-version":[{"id":9819,"href":"https:\/\/parafiasmardzewo.pl\/index.php?rest_route=\/wp\/v2\/posts\/9818\/revisions\/9819"}],"wp:featuredmedia":[{"embeddable":true,"href":"https:\/\/parafiasmardzewo.pl\/index.php?rest_route=\/wp\/v2\/media\/9547"}],"wp:attachment":[{"href":"https:\/\/parafiasmardzewo.pl\/index.php?rest_route=%2Fwp%2Fv2%2Fmedia&parent=9818"}],"wp:term":[{"taxonomy":"category","embeddable":true,"href":"https:\/\/parafiasmardzewo.pl\/index.php?rest_route=%2Fwp%2Fv2%2Fcategories&post=9818"},{"taxonomy":"post_tag","embeddable":true,"href":"https:\/\/parafiasmardzewo.pl\/index.php?rest_route=%2Fwp%2Fv2%2Ftags&post=9818"}],"curies":[{"name":"wp","href":"https:\/\/api.w.org\/{rel}","templated":true}]}}