{"id":9820,"date":"2024-12-28T21:35:49","date_gmt":"2024-12-28T20:35:49","guid":{"rendered":"https:\/\/parafiasmardzewo.pl\/?p=9820"},"modified":"2024-12-28T22:48:01","modified_gmt":"2024-12-28T21:48:01","slug":"niedziela-swietej-rodziny-jezusa-maryi-i-jozefa-29-grudnia-2024","status":"publish","type":"post","link":"https:\/\/parafiasmardzewo.pl\/?p=9820","title":{"rendered":"NIEDZIELA \u015aWI\u0118TEJ RODZINY: JEZUSA, MARYI I J\u00d3ZEFA 29 grudnia 2024"},"content":{"rendered":"<p><strong>OG\u0141OSZENIA DUSZPASTERSKIE<\/strong><\/p>\n<ol>\n<li>Dzisiejsza, ostatnia niedziela 2024 roku, jest \u015bwi\u0119tem \u015awi\u0119tej Rodziny Nazareta\u0144skiej: Jezusa, Maryi i J\u00f3zefa. Wpatruj\u0105c si\u0119 w \u015awi\u0119t\u0105 Rodzin\u0119, \u0142atwiej zrozumiemy nasze powo\u0142anie do \u017cycia w rodzinie. Ona jest wzorem dla naszych rodzin.<\/li>\n<li>W ca\u0142ym Ko\u015bciele powszechnym trwa Rok Jubileuszowy, zainaugurowany przez papie\u017ca Franciszka w dniu 24 grudnia. W\u0142a\u015bnie dzisiaj zostan\u0105 otwarte Drzwi \u015awi\u0119te Bazyliki \u015awi\u0119tego Jana na Lateranie. Zostan\u0105 one zamkni\u0119te dopiero 28 grudnia 2025 roku.<\/li>\n<li>Rok Jubileuszowy 2025 w Diecezji P\u0142ockiej rozpoczyna si\u0119 dzisiaj, w Niedziel\u0119 \u015awi\u0119tej Rodziny. Uroczysto\u015bciom przewodniczy Biskup P\u0142ocki, Szymon Stu\u0142kowski, w katedrze w P\u0142ocku. Uczestniczy w tej uroczystej Mszy \u015awi\u0119tej r\u00f3wnie\u017c delegacja z naszej parafii. Warto doda\u0107, \u017ce nasz ko\u015bci\u00f3\u0142 jest jednym z dziewi\u0119tnastu ko\u015bcio\u0142\u00f3w jubileuszowych, w diecezji p\u0142ockiej, w kt\u00f3rym \u2013 decyzj\u0105 Stolicy Apostolskiej \u2013 mo\u017cna uzyska\u0107 odpust podczas trwania jubileuszu Diecezji od 8 listopada 2024 r., do 6 stycznia 2025 roku.<\/li>\n<li>Zbli\u017ca si\u0119 koniec roku kalendarzowego 2024. Podobnie jak wszystkie ostatnie lata by\u0142 brzemienny w wydarzenia w Ko\u015bciele powszechnym i naszej lokalnej wsp\u00f3lnoty, w naszej Ojczy\u017anie i w naszych rodzinach. Warto pochyli\u0107 si\u0119 nad rado\u015bciami, sukcesami, ale tak\u017ce nad najtrudniejszymi momentami i do\u015bwiadczeniami tego czasu.<\/li>\n<li>We wtorek, 31 grudnia, podczas specjalnego nabo\u017ce\u0144stwa dzi\u0119kczynno-przeb\u0142agalnego w naszym ko\u015bciele, <strong>kt\u00f3re b\u0119dziemy celebrowali o godz.. 16.00,<\/strong> podzi\u0119kujemy Bogu \u2013 dobremu Ojcu, za miniony czas i za otrzymane dobro. Przeprosimy za pope\u0142nione grzechy. B\u0119dziemy r\u00f3wnie\u017c prosi\u0107 o b\u0142ogos\u0142awie\u0144stwo nad nami, naszymi rodzinami i nad nasz\u0105 Ojczyzn\u0105. Za publiczne od\u015bpiewanie hymnu <strong>\u201eCiebie, Boga, wys\u0142awiamy\u201d<\/strong> podczas tego nabo\u017ce\u0144stwa b\u0119dzie mo\u017cna uzyska\u0107 odpust zupe\u0142ny. <strong>Modli\u0107 si\u0119 b\u0119dziemy m. innymi\u00a0 za zmar\u0142ych w minionym roku.<\/strong><\/li>\n<li>W najbli\u017csz\u0105 \u015brod\u0119, 1 stycznia, z Maryj\u0105 \u2013 Bo\u017c\u0105 Rodzicielk\u0105 wejdziemy w Nowy Rok Pa\u0144ski 2025. Tego dnia w szczeg\u00f3lny spos\u00f3b b\u0119dziemy modlili si\u0119 o pok\u00f3j na \u015bwiecie. <strong>Porz\u0105dek Mszy \u015awi\u0119tych w naszym ko\u015bciele <\/strong><strong>o godz. 10.00 i 16.00<\/strong><strong>. W miesi\u0105cach styczniu i lutym Msze \u015awi\u0119te w niedziele b\u0119d\u0105 sprawowane\u00a0 o godz. 9.00 i 10. 45. Mszy \u015awi\u0119tej o godz. 16.00 nie b\u0119dzie,\u00a0 ale\u00a0 w ka\u017cd\u0105 sobot\u0119, w styczniu i lutym,\u00a0 o godz. 16.00 b\u0119dzie Eucharystia z niedzieli.\u00a0<\/strong><\/li>\n<li>W tym tygodniu przypada tak\u017ce pierwszy czwartek, pi\u0105tek i sobota miesi\u0105ca: &#8211; w czwartek pami\u0119tamy w modlitwie o powo\u0142ania kap\u0142a\u0144skie i misyjne; &#8211; w pi\u0105tek okazja do spowiedzi \u015bwi\u0119tej w godzinach 30 \u2013 16.00; <strong>o godz. 16.00 Eucharystia i <\/strong><strong>adoracja Naj\u015bwi\u0119tszego Sakramentu <\/strong><strong>oraz<\/strong><strong> nabo\u017ce\u0144stwo pierwszopi\u0105tkowe do Naj\u015bwi\u0119tszego Serca Pana Jezusa<\/strong><strong>; <\/strong>&#8211; w pierwsz\u0105 sobot\u0119 miesi\u0105ca po Eucharystii modlimy si\u0119 na r\u00f3\u017ca\u0144cu.<\/li>\n<li>W naszej parafii od poniedzia\u0142ku (30 XII br.) rozpoczn\u0105 si\u0119 odwiedziny duszpasterskie \u2013 kol\u0119da. Pami\u0119tajmy, \u017ce chrze\u015bcijanin przyjmuj\u0105cy kap\u0142ana daje \u015bwiadectwo swojej przynale\u017cno\u015bci do Ko\u015bcio\u0142a. Prze\u017cywajmy odwiedziny kol\u0119dowe w duchu bo\u017conarodzeniowej rado\u015bci, w duchu modlitwy i serdecznej rozmowy z duszpasterzem. Plan kol\u0119dy na ten tydzie\u0144 jest nast\u0119puj\u0105cy: poniedzia\u0142ek \u2013 K\u0119pa od godz. 9.00, wtorek \u2013 Koliszewo po\u0142udnie od godz.9.00, czwartek \u2013 Wierzb\u00f3wiec od godz. 13.00, pi\u0105tek \u2013 S\u0142oszewo Kolonia \u2013 od godz. 13.00, sobota \u2013 Smardzewo Kolonia od godz. 10.00. Program kol\u0119dy jest wywieszony w gablocie parafialnej. <strong>Ofiary sk\u0142adane w czasie kol\u0119dy b\u0119d\u0105 przeznaczone na zakup konfesjona\u0142\u00f3w, kt\u00f3re ju\u017c s\u0105 zainstalowane w \u015bwi\u0105tyni. <\/strong><\/li>\n<li>Dzi\u0119kuj\u0119 Le\u015bniczemu z K\u0119py panu Januszowi Chmielewskiemu za drzewka\u00a0 choinkowe\u00a0 do ko\u015bcio\u0142a. Pan Tadeusz Kmieci\u0144ski w\u0142asnym ci\u0105gnikiem przywi\u00f3z\u0142\u00a0 drzewka z lasu do ko\u015bcio\u0142a, a pomagali mu panowie: Henryk Kr\u00f3l, Wincenty Sta\u0144czak i Tomasz Geller. Przy dekoracji \u017c\u0142\u00f3bka i strojeniu choinek pomagali: Danuta Kr\u00f3l, Henryk Kr\u00f3l, Wincenty Sta\u0144czak, Robert Skwarski i Tomasz Geller. Pani Bo\u017cena Chojnacka pomaga\u0142a przy zmianie obrus\u00f3w na o\u0142tarzach. Przy sprz\u0105taniu ko\u015bcio\u0142a pomaga\u0142y panu ko\u015bcielnemu panie: Danuta Kr\u00f3l, Hanna Matczak, Jolanta Zieli\u0144ska i pani Katarzyna. \u00a0Wszystkim, kt\u00f3rzy pomagali w przygotowaniu naszej \u015bwi\u0105tyni \u00a0do \u015bwi\u0105t Bo\u017cego Narodzenia serdecznie dzi\u0119kuj\u0119.<\/li>\n<li>Dzisiaj, 29 grudnia, po Mszy \u015awi\u0119tej o godz. 16.00 odb\u0119dzie si\u0119 <strong><em>Wiecz\u00f3r kol\u0119d<\/em><\/strong> w wykonaniu uczni\u00f3w Szko\u0142y Podstawowej im. Powsta\u0144c\u00f3w Styczniowych 1863 r. w Smardzewie. Program przygotowa\u0142a pani Iwona Kowalska, nauczycielka muzyki w naszej szkole. Serdecznie zapraszam parafian i go\u015bci na to wsp\u00f3lne kol\u0119dowanie<\/li>\n<li>Wszystkim jubilatom i solenizantom tego tygodnia \u017cyczymy do\u015bwiadczenia blisko\u015bci Boga, obfito\u015bci Jego dar\u00f3w w codziennym \u017cyciu oraz opieki Matki Naj\u015bwi\u0119tszej.<\/li>\n<li>W tym tygodniu z naszej wsp\u00f3lnoty odesz\u0142a do wieczno\u015bci <strong>\u015bw. p. Teresa Kowalska, <\/strong>kt\u00f3ra prze\u017cy\u0142a 71 lat. Od uczestnik\u00f3w b\u0119dzie odprawionych 15 Mszy \u015awi\u0119tych. Pole\u0107my zmar\u0142\u0105 <strong>+ Teres\u0119<\/strong> mi\u0142osierdziu Bo\u017cemu: <em>Dobry Jezu, a nasz Panie, daj im wieczne spoczywanie\u2026<\/em><\/li>\n<\/ol>\n<p><strong>W tym tygodniu patronuj nam:<\/strong><\/p>\n<p>&#8211; w czwartek, 2 stycznia \u2013 \u015awi\u0119ci Bazyli Wielki (329-379) i Grzegorz z Najzanzu (330-390), biskupi \u017cyj\u0105cy w IV wieku i doktorzy Ko\u015bcio\u0142a.<\/p>\n<p><strong>\u00a0<\/strong><\/p>\n","protected":false},"excerpt":{"rendered":"<p>OG\u0141OSZENIA DUSZPASTERSKIE Dzisiejsza, ostatnia niedziela 2024 roku, jest \u015bwi\u0119tem \u015awi\u0119tej Rodziny Nazareta\u0144skiej: Jezusa, Maryi i J\u00f3zefa. Wpatruj\u0105c si\u0119 w \u015awi\u0119t\u0105 Rodzin\u0119, \u0142atwiej zrozumiemy nasze powo\u0142anie do \u017cycia w rodzinie. Ona jest wzorem dla naszych rodzin. W ca\u0142ym Ko\u015bciele powszechnym trwa Rok Jubileuszowy, zainaugurowany przez papie\u017ca Franciszka w dniu 24 grudnia. W\u0142a\u015bnie dzisiaj zostan\u0105 otwarte Drzwi &hellip; <\/p>\n<p><a class=\"more-link btn\" href=\"https:\/\/parafiasmardzewo.pl\/?p=9820\">Kontynuuj czytanie<\/a><\/p>\n","protected":false},"author":2,"featured_media":4017,"comment_status":"open","ping_status":"open","sticky":false,"template":"","format":"standard","meta":[],"categories":[2],"tags":[],"_links":{"self":[{"href":"https:\/\/parafiasmardzewo.pl\/index.php?rest_route=\/wp\/v2\/posts\/9820"}],"collection":[{"href":"https:\/\/parafiasmardzewo.pl\/index.php?rest_route=\/wp\/v2\/posts"}],"about":[{"href":"https:\/\/parafiasmardzewo.pl\/index.php?rest_route=\/wp\/v2\/types\/post"}],"author":[{"embeddable":true,"href":"https:\/\/parafiasmardzewo.pl\/index.php?rest_route=\/wp\/v2\/users\/2"}],"replies":[{"embeddable":true,"href":"https:\/\/parafiasmardzewo.pl\/index.php?rest_route=%2Fwp%2Fv2%2Fcomments&post=9820"}],"version-history":[{"count":8,"href":"https:\/\/parafiasmardzewo.pl\/index.php?rest_route=\/wp\/v2\/posts\/9820\/revisions"}],"predecessor-version":[{"id":9830,"href":"https:\/\/parafiasmardzewo.pl\/index.php?rest_route=\/wp\/v2\/posts\/9820\/revisions\/9830"}],"wp:featuredmedia":[{"embeddable":true,"href":"https:\/\/parafiasmardzewo.pl\/index.php?rest_route=\/wp\/v2\/media\/4017"}],"wp:attachment":[{"href":"https:\/\/parafiasmardzewo.pl\/index.php?rest_route=%2Fwp%2Fv2%2Fmedia&parent=9820"}],"wp:term":[{"taxonomy":"category","embeddable":true,"href":"https:\/\/parafiasmardzewo.pl\/index.php?rest_route=%2Fwp%2Fv2%2Fcategories&post=9820"},{"taxonomy":"post_tag","embeddable":true,"href":"https:\/\/parafiasmardzewo.pl\/index.php?rest_route=%2Fwp%2Fv2%2Ftags&post=9820"}],"curies":[{"name":"wp","href":"https:\/\/api.w.org\/{rel}","templated":true}]}}