{"id":9827,"date":"2024-12-28T22:41:51","date_gmt":"2024-12-28T21:41:51","guid":{"rendered":"https:\/\/parafiasmardzewo.pl\/?p=9827"},"modified":"2024-12-28T22:41:51","modified_gmt":"2024-12-28T21:41:51","slug":"msze-swiete-od-30-xii-2024-5-i-2025-roku","status":"publish","type":"post","link":"https:\/\/parafiasmardzewo.pl\/?p=9827","title":{"rendered":"Msze \u015awi\u0119te od 30 XII  2024 &#8211; 5 I 2025 roku"},"content":{"rendered":"<p><strong>Poniedzia\u0142ek<\/strong><\/p>\n<p><strong>godz. 7.30 <\/strong>+ \u00a0gregorianka<\/p>\n<p><strong>Wtorek<\/strong><\/p>\n<p><strong>godz. 7.30<\/strong> + gregorianka<\/p>\n<p><strong>godz.<\/strong> <strong>16.00 MSZA \u015aWIETA DZI\u0118KCZYNNA NA ZAKO\u0143CZENIE ROKU 2024<\/strong><\/p>\n<p><strong>\u015aroda <\/strong><\/p>\n<p><strong>godz. 10.00 + <\/strong>gregorianka; 2) W intencji parafian i go\u015bci<\/p>\n<p><strong>godz. 16. 00 + <\/strong>Teresa Kowalska \u2013 int. od cz\u0142onk\u00f3w Ko\u0142a Gospody\u0144 Wiejskich ze S\u0142oszewa; 2) + Czes\u0142aw Za\u0142\u0119cki<\/p>\n<p><strong>Czwartek<\/strong><\/p>\n<p><strong>godz. 7.30 +<\/strong> gregorianka<\/p>\n<p><strong>Pi\u0105tek<\/strong><\/p>\n<p><strong>godz. 7.30 + <\/strong>gregorianka<\/p>\n<p><strong>godz. 16.00 + <\/strong>\u00a0Danuta Sanig\u00f3rska int. p. \u2013 pierwszy pi\u0105tek miesi\u0105ca<\/p>\n<p><strong>Sobota<\/strong><\/p>\n<p><strong>godz. 16.00 + <\/strong>Antoni Szt\u0119gierski int. p. (Msza \u015awi\u0119ta z niedzieli)<\/p>\n<p><strong>Niedziela<\/strong><\/p>\n<p><strong>godz. 9.00<\/strong> + \u00a0za zmar\u0142ych + Genowefa i Maciej Czarneccy, dziadk\u00f3w Czarneckich i Henryka (k) M\u0142otkowska; 2) W intencji parafian i go\u015bci<\/p>\n<p><strong>godz. 10.45 + <\/strong>Antoni Tomaszewski; 2) + Henryka Szcze\u015bniewska<\/p>\n<p><strong>W styczniu i lutym nie jest sprawowana w niedziele\u00a0 Msza \u015awi\u0119ta o godz. 16.00. Natomiast w sobot\u0119 o godz. 16.00 jest sprawowana Msza \u015awi\u0119ta z niedzieli<\/strong><\/p>\n","protected":false},"excerpt":{"rendered":"<p>Poniedzia\u0142ek godz. 7.30 + \u00a0gregorianka Wtorek godz. 7.30 + gregorianka godz. 16.00 MSZA \u015aWIETA DZI\u0118KCZYNNA NA ZAKO\u0143CZENIE ROKU 2024 \u015aroda godz. 10.00 + gregorianka; 2) W intencji parafian i go\u015bci godz. 16. 00 + Teresa Kowalska \u2013 int. od cz\u0142onk\u00f3w Ko\u0142a Gospody\u0144 Wiejskich ze S\u0142oszewa; 2) + Czes\u0142aw Za\u0142\u0119cki Czwartek godz. 7.30 + gregorianka Pi\u0105tek &hellip; <\/p>\n<p><a class=\"more-link btn\" href=\"https:\/\/parafiasmardzewo.pl\/?p=9827\">Kontynuuj czytanie<\/a><\/p>\n","protected":false},"author":2,"featured_media":4210,"comment_status":"open","ping_status":"open","sticky":false,"template":"","format":"standard","meta":[],"categories":[5],"tags":[],"_links":{"self":[{"href":"https:\/\/parafiasmardzewo.pl\/index.php?rest_route=\/wp\/v2\/posts\/9827"}],"collection":[{"href":"https:\/\/parafiasmardzewo.pl\/index.php?rest_route=\/wp\/v2\/posts"}],"about":[{"href":"https:\/\/parafiasmardzewo.pl\/index.php?rest_route=\/wp\/v2\/types\/post"}],"author":[{"embeddable":true,"href":"https:\/\/parafiasmardzewo.pl\/index.php?rest_route=\/wp\/v2\/users\/2"}],"replies":[{"embeddable":true,"href":"https:\/\/parafiasmardzewo.pl\/index.php?rest_route=%2Fwp%2Fv2%2Fcomments&post=9827"}],"version-history":[{"count":1,"href":"https:\/\/parafiasmardzewo.pl\/index.php?rest_route=\/wp\/v2\/posts\/9827\/revisions"}],"predecessor-version":[{"id":9828,"href":"https:\/\/parafiasmardzewo.pl\/index.php?rest_route=\/wp\/v2\/posts\/9827\/revisions\/9828"}],"wp:featuredmedia":[{"embeddable":true,"href":"https:\/\/parafiasmardzewo.pl\/index.php?rest_route=\/wp\/v2\/media\/4210"}],"wp:attachment":[{"href":"https:\/\/parafiasmardzewo.pl\/index.php?rest_route=%2Fwp%2Fv2%2Fmedia&parent=9827"}],"wp:term":[{"taxonomy":"category","embeddable":true,"href":"https:\/\/parafiasmardzewo.pl\/index.php?rest_route=%2Fwp%2Fv2%2Fcategories&post=9827"},{"taxonomy":"post_tag","embeddable":true,"href":"https:\/\/parafiasmardzewo.pl\/index.php?rest_route=%2Fwp%2Fv2%2Ftags&post=9827"}],"curies":[{"name":"wp","href":"https:\/\/api.w.org\/{rel}","templated":true}]}}