{"id":9831,"date":"2024-12-28T23:00:17","date_gmt":"2024-12-28T22:00:17","guid":{"rendered":"https:\/\/parafiasmardzewo.pl\/?p=9831"},"modified":"2024-12-28T23:00:17","modified_gmt":"2024-12-28T22:00:17","slug":"zaproszenie-bpa-plockiego-do-udzialu-w-rozpoczeciu-jubileuszu-zwyczajnego-roku-2025-w-diecezji-plockiej","status":"publish","type":"post","link":"https:\/\/parafiasmardzewo.pl\/?p=9831","title":{"rendered":"ZAPROSZENIE BPA P\u0141OCKIEGO DO UDZIA\u0141U W ROZPOCZ\u0118CIU JUBILEUSZU ZWYCZAJNEGO ROKU 2025 W DIECEZJI P\u0141OCKIEJ"},"content":{"rendered":"<p><strong>\u00a0 \u00a0 \u00a0 \u00a0 \u00a0 \u00a0 \u00a0 \u00a0 \u00a0 \u00a0 \u00a0 \u00a0 \u00a0 \u00a0 \u00a0 \u00a0 \u00a0 \u00a0 \u00a0 \u00a0 \u00a0 \u00a0 Drodzy Ksi\u0119\u017ca,\u00a0 Kochani Diecezjanie!<\/strong><\/p>\n<p>Ojciec \u015awi\u0119ty Franciszek bull\u0105\u00a0<em>Spes non confundit<\/em>\u00a0<em>(Nadzieja zawie\u015b\u0107 nie mo\u017ce)<\/em>\u00a0og\u0142osi\u0142 Jubileusz Zwyczajny Roku 2025, kt\u00f3ry rozpocznie si\u0119 24 grudnia 2024 r., a zako\u0144czy si\u0119 6 stycznia 2026 r. W dniu jego inauguracji (24 grudnia br.) Papie\u017c Franciszek otworzy Drzwi \u015awi\u0119te w Bazylice \u015bw. Piotra na Watykanie. We wszystkich diecezjach na \u015bwiecie uroczysta inauguracja Roku Jubileuszowego, b\u0119dzie mia\u0142a miejsce w \u015awi\u0119to \u015awi\u0119tej Rodziny: Jezusa, Maryi i J\u00f3zefa 29 grudnia 2024 r. W niedziel\u0119 29 grudnia spotkamy si\u0119 o godz. 9.30 w Sanktuarium Mi\u0142osierdzia Bo\u017cego na Starym Rynku w P\u0142ocku, sk\u0105d udamy si\u0119 w procesji do naszej katedry, by stan\u0105\u0107 przed jej drzwiami i po kr\u00f3tkiej modlitwie uroczy\u015bcie wnie\u015b\u0107 krzy\u017c Jubileuszu 2025 roku, a nast\u0119pnie sprawowa\u0107 Eucharysti\u0119. Zapraszam Czcigodnych Ksi\u0119\u017cy do koncelebrowania ze mn\u0105 Mszy \u015bwi\u0119tej na otwarcie Jubileuszu. Zapraszam r\u00f3wnie\u017c wiernych naszej diecezji, a szczeg\u00f3lnie mieszka\u0144c\u00f3w ksi\u0105\u017c\u0119cego miasta P\u0142ocka oraz przedstawicieli Parafii i Wsp\u00f3lnot, kt\u00f3rych \u015bwi\u0105tynie zosta\u0142y og\u0142oszone miejscami \u015bwi\u0119tymi na czas Jubileuszu 950-lecia Diecezji P\u0142ockiej i Jubileuszu Zwyczajnego Roku 2025. Prosz\u0119 te\u017c o \u0142\u0105czno\u015b\u0107 duchow\u0105 tego dnia w naszych parafiach poprzez odm\u00f3wienie modlitwy jubileuszowej papie\u017ca Franciszka. Jednocze\u015bnie zach\u0119cam do nawiedzania ko\u015bcio\u0142\u00f3w jubileuszowych, wyznaczonych w naszej diecezji, aby skorzysta\u0107 z odpust\u00f3w zwi\u0105zanych z Rokiem \u015awi\u0119tym.<\/p>\n<p>Na Rok Jubileuszowy z serca b\u0142ogos\u0142awi\u0119 \u2013<br \/>\n<em>\u2020\u00a0Szymon Stu\u0142kowski<br \/>\nBiskup P\u0142ocki<\/em>\u00a0\u00a0\u00a0\u00a0\u00a0\u00a0\u00a0\u00a0\u00a0\u00a0\u00a0\u00a0\u00a0\u00a0\u00a0\u00a0\u00a0\u00a0\u00a0\u00a0\u00a0\u00a0\u00a0\u00a0\u00a0\u00a0\u00a0\u00a0\u00a0\u00a0\u00a0\u00a0\u00a0\u00a0\u00a0\u00a0\u00a0\u00a0\u00a0\u00a0\u00a0\u00a0\u00a0\u00a0\u00a0\u00a0\u00a0\u00a0\u00a0\u00a0\u00a0\u00a0\u00a0\u00a0\u00a0\u00a0\u00a0\u00a0\u00a0\u00a0\u00a0\u00a0\u00a0\u00a0\u00a0\u00a0\u00a0\u00a0\u00a0\u00a0\u00a0\u00a0\u00a0\u00a0\u00a0\u00a0\u00a0\u00a0\u00a0\u00a0\u00a0\u00a0\u00a0\u00a0\u00a0\u00a0\u00a0\u00a0\u00a0\u00a0\u00a0\u00a0\u00a0\u00a0\u00a0\u00a0\u00a0\u00a0\u00a0\u00a0\u00a0\u00a0\u00a0 P\u0142ock, dnia 20 grudnia 2024 r.<\/p>\n","protected":false},"excerpt":{"rendered":"<p>\u00a0 \u00a0 \u00a0 \u00a0 \u00a0 \u00a0 \u00a0 \u00a0 \u00a0 \u00a0 \u00a0 \u00a0 \u00a0 \u00a0 \u00a0 \u00a0 \u00a0 \u00a0 \u00a0 \u00a0 \u00a0 \u00a0 Drodzy Ksi\u0119\u017ca,\u00a0 Kochani Diecezjanie! Ojciec \u015awi\u0119ty Franciszek bull\u0105\u00a0Spes non confundit\u00a0(Nadzieja zawie\u015b\u0107 nie mo\u017ce)\u00a0og\u0142osi\u0142 Jubileusz Zwyczajny Roku 2025, kt\u00f3ry rozpocznie si\u0119 24 grudnia 2024 r., a zako\u0144czy si\u0119 6 stycznia 2026 r. W dniu &hellip; <\/p>\n<p><a class=\"more-link btn\" href=\"https:\/\/parafiasmardzewo.pl\/?p=9831\">Kontynuuj czytanie<\/a><\/p>\n","protected":false},"author":2,"featured_media":8408,"comment_status":"open","ping_status":"open","sticky":false,"template":"","format":"standard","meta":[],"categories":[1],"tags":[],"_links":{"self":[{"href":"https:\/\/parafiasmardzewo.pl\/index.php?rest_route=\/wp\/v2\/posts\/9831"}],"collection":[{"href":"https:\/\/parafiasmardzewo.pl\/index.php?rest_route=\/wp\/v2\/posts"}],"about":[{"href":"https:\/\/parafiasmardzewo.pl\/index.php?rest_route=\/wp\/v2\/types\/post"}],"author":[{"embeddable":true,"href":"https:\/\/parafiasmardzewo.pl\/index.php?rest_route=\/wp\/v2\/users\/2"}],"replies":[{"embeddable":true,"href":"https:\/\/parafiasmardzewo.pl\/index.php?rest_route=%2Fwp%2Fv2%2Fcomments&post=9831"}],"version-history":[{"count":1,"href":"https:\/\/parafiasmardzewo.pl\/index.php?rest_route=\/wp\/v2\/posts\/9831\/revisions"}],"predecessor-version":[{"id":9832,"href":"https:\/\/parafiasmardzewo.pl\/index.php?rest_route=\/wp\/v2\/posts\/9831\/revisions\/9832"}],"wp:featuredmedia":[{"embeddable":true,"href":"https:\/\/parafiasmardzewo.pl\/index.php?rest_route=\/wp\/v2\/media\/8408"}],"wp:attachment":[{"href":"https:\/\/parafiasmardzewo.pl\/index.php?rest_route=%2Fwp%2Fv2%2Fmedia&parent=9831"}],"wp:term":[{"taxonomy":"category","embeddable":true,"href":"https:\/\/parafiasmardzewo.pl\/index.php?rest_route=%2Fwp%2Fv2%2Fcategories&post=9831"},{"taxonomy":"post_tag","embeddable":true,"href":"https:\/\/parafiasmardzewo.pl\/index.php?rest_route=%2Fwp%2Fv2%2Ftags&post=9831"}],"curies":[{"name":"wp","href":"https:\/\/api.w.org\/{rel}","templated":true}]}}