{"id":9833,"date":"2024-12-28T23:12:54","date_gmt":"2024-12-28T22:12:54","guid":{"rendered":"https:\/\/parafiasmardzewo.pl\/?p=9833"},"modified":"2024-12-28T23:12:54","modified_gmt":"2024-12-28T22:12:54","slug":"warunki-jakie-trzeba-spelnic-aby-otrzymac-dar-odpstu-zupelnego","status":"publish","type":"post","link":"https:\/\/parafiasmardzewo.pl\/?p=9833","title":{"rendered":"WARUNKI JAKIE TRZEBA SPE\u0141NI\u0106, ABY OTRZYMA\u0106 DAR ODPSTU ZUPE\u0141NEGO"},"content":{"rendered":"<p><strong>\u00a0 \u00a0 \u00a0 \u00a0<\/strong>W zwi\u0105zku z rokiem Jubileuszowym Ks. Bp Szymon Stu\u0142kowski wyznaczy\u0142 nasz\u0105 \u015bwi\u0105tyni\u0119 jako ko\u015bci\u00f3\u0142 jubileuszowy. Zgodnie z normami Penitencjarii Apostolskiej, dar odpustu zupe\u0142nego<br \/>\ndla siebie lub zmar\u0142ego mog\u0105 otrzyma\u0107 wszyscy wierni, kt\u00f3rzy spe\u0142niaj\u0105 nast\u0119puj\u0105ce<br \/>\nwarunki:<\/p>\n<ol>\n<li>Trwaj\u0105 w stanie \u0142aski u\u015bwi\u0119caj\u0105cej oraz s\u0105 wolni od wszelkiego przywi\u0105zania do jakiegokolwiek grzechu, po przyst\u0105pieniu w czasie Roku Jubileuszowego do sakramentu pokuty i pojednania oraz przyj\u0119ciu Komunii \u015awi\u0119tej;<\/li>\n<li>Ofiaruj\u0105 swoj\u0105 modlitw\u0119 zgodnie z intencjami Papie\u017ca;<\/li>\n<li>Udadz\u0105 si\u0119 na pielgrzymk\u0119 do dowolnego \u015bwi\u0119tego miejsca jubileuszowego i wezm\u0105 udzia\u0142 w celebracji Mszy \u015bw. lub innym nabo\u017ce\u0144stwie liturgicznym;<\/li>\n<li>Nawiedz\u0105 ko\u015bci\u00f3\u0142 jubileuszowy lub inne wyznaczone miejsce, na chwil\u0119 adoracji eucharystycznej lub pobo\u017cne rozmy\u015blanie oraz zako\u0144cz\u0105 modlitw\u0105 \u201eOjcze nasz\u201d, wyznaniem wiary i modlitw\u0105 do Naj\u015bwi\u0119tszej Maryi Panny. Dar odpustu mo\u017cna uzyska\u0107 dwukrotnie w ci\u0105gu dnia, zachowuj\u0105c powy\u017csze warunki, jednak<br \/>\nz intencj\u0105 ofiarowania drugiego odpustu za zmar\u0142ego, co wi\u0105\u017ce si\u0119 z przyst\u0105pieniem drugi raz tego samego dnia do Komunii \u015awi\u0119tej.<br \/>\nRok Jubileuszowy 2025 w Diecezji P\u0142ockiej rozpoczyna si\u0119 w Niedziel\u0119 \u015awi\u0119tej Rodziny, 29 GRUDNIA 2024 R.<\/li>\n<\/ol>\n","protected":false},"excerpt":{"rendered":"<p>\u00a0 \u00a0 \u00a0 \u00a0W zwi\u0105zku z rokiem Jubileuszowym Ks. Bp Szymon Stu\u0142kowski wyznaczy\u0142 nasz\u0105 \u015bwi\u0105tyni\u0119 jako ko\u015bci\u00f3\u0142 jubileuszowy. Zgodnie z normami Penitencjarii Apostolskiej, dar odpustu zupe\u0142nego dla siebie lub zmar\u0142ego mog\u0105 otrzyma\u0107 wszyscy wierni, kt\u00f3rzy spe\u0142niaj\u0105 nast\u0119puj\u0105ce warunki: Trwaj\u0105 w stanie \u0142aski u\u015bwi\u0119caj\u0105cej oraz s\u0105 wolni od wszelkiego przywi\u0105zania do jakiegokolwiek grzechu, po przyst\u0105pieniu w &hellip; <\/p>\n<p><a class=\"more-link btn\" href=\"https:\/\/parafiasmardzewo.pl\/?p=9833\">Kontynuuj czytanie<\/a><\/p>\n","protected":false},"author":2,"featured_media":7191,"comment_status":"open","ping_status":"open","sticky":false,"template":"","format":"standard","meta":[],"categories":[6],"tags":[],"_links":{"self":[{"href":"https:\/\/parafiasmardzewo.pl\/index.php?rest_route=\/wp\/v2\/posts\/9833"}],"collection":[{"href":"https:\/\/parafiasmardzewo.pl\/index.php?rest_route=\/wp\/v2\/posts"}],"about":[{"href":"https:\/\/parafiasmardzewo.pl\/index.php?rest_route=\/wp\/v2\/types\/post"}],"author":[{"embeddable":true,"href":"https:\/\/parafiasmardzewo.pl\/index.php?rest_route=\/wp\/v2\/users\/2"}],"replies":[{"embeddable":true,"href":"https:\/\/parafiasmardzewo.pl\/index.php?rest_route=%2Fwp%2Fv2%2Fcomments&post=9833"}],"version-history":[{"count":1,"href":"https:\/\/parafiasmardzewo.pl\/index.php?rest_route=\/wp\/v2\/posts\/9833\/revisions"}],"predecessor-version":[{"id":9834,"href":"https:\/\/parafiasmardzewo.pl\/index.php?rest_route=\/wp\/v2\/posts\/9833\/revisions\/9834"}],"wp:featuredmedia":[{"embeddable":true,"href":"https:\/\/parafiasmardzewo.pl\/index.php?rest_route=\/wp\/v2\/media\/7191"}],"wp:attachment":[{"href":"https:\/\/parafiasmardzewo.pl\/index.php?rest_route=%2Fwp%2Fv2%2Fmedia&parent=9833"}],"wp:term":[{"taxonomy":"category","embeddable":true,"href":"https:\/\/parafiasmardzewo.pl\/index.php?rest_route=%2Fwp%2Fv2%2Fcategories&post=9833"},{"taxonomy":"post_tag","embeddable":true,"href":"https:\/\/parafiasmardzewo.pl\/index.php?rest_route=%2Fwp%2Fv2%2Ftags&post=9833"}],"curies":[{"name":"wp","href":"https:\/\/api.w.org\/{rel}","templated":true}]}}