{"id":9874,"date":"2025-01-04T21:09:15","date_gmt":"2025-01-04T20:09:15","guid":{"rendered":"https:\/\/parafiasmardzewo.pl\/?p=9874"},"modified":"2025-01-04T21:32:13","modified_gmt":"2025-01-04T20:32:13","slug":"druda-niedziela-po-narodzeniu-panskim-5-stycznia-2025","status":"publish","type":"post","link":"https:\/\/parafiasmardzewo.pl\/?p=9874","title":{"rendered":"DRUGA NIEDZIELA PO NARODZENIU PA\u0143SKIM &#8211; 5 stycznia 2025"},"content":{"rendered":"<p><strong>OG\u0141OSZENIA DUSZPASTERSKIE<\/strong><\/p>\n<ol>\n<li>Prze\u017cywamy rado\u015b\u0107 z narodzenia Pa\u0144skiego, cho\u0107 to ju\u017c druga niedziela po \u015awi\u0119tach Bo\u017cego Narodzenia. Po sumie b\u0119dzie adoracja Naj\u015bwi\u0119tszego Sakramentu z racji pierwszej niedzieli miesi\u0105ca. Dzisiaj porz\u0105dek Mszy \u015awi\u0119tych jest nast\u0119puj\u0105cy: godz. 9.00 &#8211; 10.45 &#8211; 15.30 &#8211; dodatkowa Eucharystia dla os\u00f3b, kt\u00f3re nale\u017c\u0105 do r\u00f3\u017cnych grup dzia\u0142aj\u0105cych przy parafii\u00a0 &#8211; Rada Duszpasterska i Gospodarcza, Asysta procesyjna i inne. Po Mszy \u015awi\u0119tej spotkanie op\u0142atkowe na plebanii.<\/li>\n<li>W dzisiejsz\u0105 niedziel\u0119 w ramach obchod\u00f3w w Ko\u015bciele powszechnym Roku Jubileuszowego 2025 zostan\u0105 uroczy\u015bcie otwarte Drzwi \u015awi\u0119te Bazyliki \u015awi\u0119tego Paw\u0142a za Murami. To ju\u017c czwarta bazylika w Rzymie, w kt\u00f3rej dokonano takiego uroczystego otwarcia Drzwi \u015awi\u0119tych, aby zach\u0119ci\u0107 wiernych do pielgrzymowania do ko\u015bcio\u0142\u00f3w Rzymu oraz innych wyznaczonych r\u00f3wnie\u017c w diecezjach miejsc \u015bwi\u0119tych i czerpania \u0142aski odpustu, jaki w\u00a0tym wyj\u0105tkowym \u015bwi\u0119tym czasie mo\u017cna uzyska\u0107.<\/li>\n<li>W najbli\u017cszy poniedzia\u0142ek, 6 stycznia, przypada uroczysto\u015b\u0107 Objawienia Pa\u0144skiego, w\u00a0naszej tradycji zwana \u015bwi\u0119tem Trzech Kr\u00f3li, kt\u00f3ra przypomina, \u017ce Syn Bo\u017cy przyszed\u0142 do ludzi wszystkich narod\u00f3w, ras i j\u0119zyk\u00f3w. Tego dnia w\u00a0ko\u015bciele pob\u0142ogos\u0142awimy kadzid\u0142o i\u00a0kred\u0119, kt\u00f3r\u0105 \u2013 zgodnie z dawnym polskim zwyczajem \u2013 na drzwiach naszych dom\u00f3w kre\u015blimy pierwsze litery imion M\u0119drc\u00f3w ze Wschodu: Kacpra, Melchiora i Baltazara (C\u00a0+\u00a0M\u00a0+ B), dodaj\u0105c cyfry roku Pa\u0144skiego. Ten zapis t\u0142umaczymy te\u017c jako pro\u015bb\u0119, aby Chrystus pob\u0142ogos\u0142awi\u0142 nasz dom: \u201eChristus mansionem benedicat\u201d. Takie oznakowanie drzwi naszych dom\u00f3w stanowi \u015bwiadectwo wiary wobec naszych braci i si\u00f3str.<\/li>\n<li>W uroczysto\u015b\u0107 Objawienia Pa\u0144skiego obchodzimy Dzie\u0144 Pomocy Misjom i Misyjny Dzie\u0144 Dzieci<\/li>\n<li>Pi\u0119kn\u0105 tradycj\u0105 zwi\u0105zan\u0105 z t\u0105 uroczysto\u015bci\u0105 staje si\u0119 te\u017c organizowany w naszych miejskich i wiejskich parafiach Orszak Trzech Kr\u00f3li. W to wsp\u00f3lnotowe \u015bwi\u0119towanie w\u0142\u0105cza si\u0119 wiele polskich rodzin, doros\u0142ych i dzieci, wsp\u00f3lnot parafialnych. Jest to wspania\u0142a publiczna manifestacja wiary i rado\u015bci z przyj\u015bcia Zbawiciela na \u015bwiat.<\/li>\n<li>W przysz\u0142\u0105 niedziel\u0119 b\u0119dziemy obchodzi\u0107 \u015bwi\u0119to Chrztu Pa\u0144skiego, kt\u00f3re ko\u0144czy liturgiczny okres Narodzenia Pa\u0144skiego.<\/li>\n<li>W naszej parafii trwaj\u0105 doroczne odwiedziny duszpasterskie, tak zwana kol\u0119da. Pami\u0119tajmy, \u017ce kap\u0142an przychodzi do naszych dom\u00f3w i mieszka\u0144, a przede wszystkim do rodzin z Bo\u017cym b\u0142ogos\u0142awie\u0144stwem. W tym tygodniu porz\u0105dek kol\u0119dy jest nast\u0119puj\u0105cy: wtorek \u2013 Milewo cze\u015b\u0107 I od p. Olczak od godz. 9.00, czwartek \u2013\u00a0 Smardzewo za ko\u015bcio\u0142em od p. Sobczy\u0144skich do p. Doroty Kosobudzkiej od godz. 17.00, pi\u0105tek \u2013 Milewo cz\u0119\u015b\u0107 II od p. Wincentego Sta\u0144czaka od godz. 9.00, sobota \u2013 \u0106wiklinek od godz. 9.00. Program kol\u0119dy jest wywieszony w gablocie parafialnej.<\/li>\n<li>W ubieg\u0142\u0105 niedziel\u0119, 29 grudnia 2024 r., uczniowie ze Szko\u0142y Podstawowej im. Powsta\u0144c\u00f3w Styczniowych 1863 r. w Smardzewie przedstawili pi\u0119kny program artystyczny <strong><em>Wiecz\u00f3r kol\u0119d<\/em><\/strong> <strong><em>i pastora\u0142ek<\/em><\/strong>, pod kierunkiem p. Iwony Kowalskiej, nauczycielki muzyki w naszej szkole oraz p. Agnieszki Wro\u0144skiej. Dzi\u0119kujemy Paniom\u00a0 za zaanga\u017cowanie si\u0119 z pasj\u0105 w przygotowanie tego pi\u0119knego muzycznego programu. Dzi\u0119kujemy rodzicom, kt\u00f3rzy pomogli dzieciom przyby\u0107 na pr\u00f3by do ko\u015bcio\u0142a w pi\u0105tek i sobot\u0119. Przede wszystkim dzi\u0119kujemy dzieciom, kt\u00f3re wzi\u0119\u0142y udzia\u0142 w tym radosnym kol\u0119dowaniu. W programie udzia\u0142 wzi\u0119\u0142y te\u017c osoby graj\u0105ce na instrumentach muzycznych:\u00a0 Ma\u0142gorzata Wro\u0144ska\u00a0 &#8211; pianino i Rados\u0142aw Wro\u0144ski, absolwent naszej szko\u0142y \u2013 akordeon. Julia Skwarska, absolwentka szko\u0142y pe\u0142ni\u0142a rol\u0119 konferansjerki. Wszystkim osobom, kt\u00f3re si\u0119 zaanga\u017cowa\u0142y i dostarczy\u0142y wiele prze\u017cy\u0107 duchowych i artystycznych serdecznie dzi\u0119kujemy.<\/li>\n<li>Zach\u0119cam do nabycia prasy katolickiej.<\/li>\n<li>Wszystkim jubilatom i solenizantom tego tygodnia \u017cyczymy do\u015bwiadczenia blisko\u015bci Boga, obfito\u015bci Jego dar\u00f3w w codziennym \u017cyciu oraz opieki Matki Naj\u015bwi\u0119tszej.<\/li>\n<\/ol>\n<p>&nbsp;<\/p>\n","protected":false},"excerpt":{"rendered":"<p>OG\u0141OSZENIA DUSZPASTERSKIE Prze\u017cywamy rado\u015b\u0107 z narodzenia Pa\u0144skiego, cho\u0107 to ju\u017c druga niedziela po \u015awi\u0119tach Bo\u017cego Narodzenia. Po sumie b\u0119dzie adoracja Naj\u015bwi\u0119tszego Sakramentu z racji pierwszej niedzieli miesi\u0105ca. Dzisiaj porz\u0105dek Mszy \u015awi\u0119tych jest nast\u0119puj\u0105cy: godz. 9.00 &#8211; 10.45 &#8211; 15.30 &#8211; dodatkowa Eucharystia dla os\u00f3b, kt\u00f3re nale\u017c\u0105 do r\u00f3\u017cnych grup dzia\u0142aj\u0105cych przy parafii\u00a0 &#8211; Rada Duszpasterska &hellip; <\/p>\n<p><a class=\"more-link btn\" href=\"https:\/\/parafiasmardzewo.pl\/?p=9874\">Kontynuuj czytanie<\/a><\/p>\n","protected":false},"author":2,"featured_media":4017,"comment_status":"open","ping_status":"open","sticky":false,"template":"","format":"standard","meta":[],"categories":[2],"tags":[],"_links":{"self":[{"href":"https:\/\/parafiasmardzewo.pl\/index.php?rest_route=\/wp\/v2\/posts\/9874"}],"collection":[{"href":"https:\/\/parafiasmardzewo.pl\/index.php?rest_route=\/wp\/v2\/posts"}],"about":[{"href":"https:\/\/parafiasmardzewo.pl\/index.php?rest_route=\/wp\/v2\/types\/post"}],"author":[{"embeddable":true,"href":"https:\/\/parafiasmardzewo.pl\/index.php?rest_route=\/wp\/v2\/users\/2"}],"replies":[{"embeddable":true,"href":"https:\/\/parafiasmardzewo.pl\/index.php?rest_route=%2Fwp%2Fv2%2Fcomments&post=9874"}],"version-history":[{"count":5,"href":"https:\/\/parafiasmardzewo.pl\/index.php?rest_route=\/wp\/v2\/posts\/9874\/revisions"}],"predecessor-version":[{"id":9879,"href":"https:\/\/parafiasmardzewo.pl\/index.php?rest_route=\/wp\/v2\/posts\/9874\/revisions\/9879"}],"wp:featuredmedia":[{"embeddable":true,"href":"https:\/\/parafiasmardzewo.pl\/index.php?rest_route=\/wp\/v2\/media\/4017"}],"wp:attachment":[{"href":"https:\/\/parafiasmardzewo.pl\/index.php?rest_route=%2Fwp%2Fv2%2Fmedia&parent=9874"}],"wp:term":[{"taxonomy":"category","embeddable":true,"href":"https:\/\/parafiasmardzewo.pl\/index.php?rest_route=%2Fwp%2Fv2%2Fcategories&post=9874"},{"taxonomy":"post_tag","embeddable":true,"href":"https:\/\/parafiasmardzewo.pl\/index.php?rest_route=%2Fwp%2Fv2%2Ftags&post=9874"}],"curies":[{"name":"wp","href":"https:\/\/api.w.org\/{rel}","templated":true}]}}