{"id":9880,"date":"2025-01-04T22:22:16","date_gmt":"2025-01-04T21:22:16","guid":{"rendered":"https:\/\/parafiasmardzewo.pl\/?p=9880"},"modified":"2025-01-04T22:53:07","modified_gmt":"2025-01-04T21:53:07","slug":"msze-swiete-od-6-12-grudnia-2025","status":"publish","type":"post","link":"https:\/\/parafiasmardzewo.pl\/?p=9880","title":{"rendered":"Msze \u015awi\u0119te od 6 &#8211; 12 grudnia 2025"},"content":{"rendered":"<p><strong>Poniedzia\u0142ek<\/strong><\/p>\n<p><strong>godz. 9.00 <\/strong>W intencji parafian; 2) + Urszula Buras<\/p>\n<p><strong>godz. 10.45<\/strong> + Jan Sta\u0144czak; 2) + Stanis\u0142aw Kopci\u0144ski \u2013 rocznica \u015bmierci (2)<\/p>\n<p><strong>Wtorek<\/strong><\/p>\n<p><strong>godz. 7.30<\/strong> + Katarzyna W\u0142odarska \u2013 int. p.<\/p>\n<p><strong>\u015aroda <\/strong><\/p>\n<p><strong>godz. 16. 00 + <\/strong>\u00a0Karol \u015awiderski \u2013 int. p.<\/p>\n<p><strong>Czwartek<\/strong><\/p>\n<p><strong>godz. 16.00 +<\/strong> Zdzis\u0142aw B\u0142aszkowski \u2013 int. p.<\/p>\n<p><strong>Pi\u0105tek<\/strong><\/p>\n<p><strong>godz. 7.30 + <\/strong>\u00a0Roman W\u0142ostowski \u2013 int. p.<\/p>\n<p><strong>Sobota<\/strong><\/p>\n<p><strong>godz. 16.00 + <\/strong>Piotr Dziedzic i Paulina i J\u00f3zef Dziedzic<\/p>\n<p><strong>Niedziela<\/strong><\/p>\n<p><strong>godz. 9.00<\/strong> + Danuta i Mieczys\u0142aw Sanig\u00f3rscy; 2) + Jan Zimakowski<\/p>\n<p><strong>godz. 10.45 <\/strong>W intencji parafian i go\u015bci; 2) + Barbara Porkuszewska \u2013 int. p.<\/p>\n<p><strong>W styczniu i lutym nie jest sprawowana w niedziele\u00a0 Msza \u015awi\u0119ta o godz. 16.00. Natomiast w sobot\u0119 o godz. 16.00 jest sprawowana Msza \u015awi\u0119ta z niedzieli<\/strong><\/p>\n","protected":false},"excerpt":{"rendered":"<p>Poniedzia\u0142ek godz. 9.00 W intencji parafian; 2) + Urszula Buras godz. 10.45 + Jan Sta\u0144czak; 2) + Stanis\u0142aw Kopci\u0144ski \u2013 rocznica \u015bmierci (2) Wtorek godz. 7.30 + Katarzyna W\u0142odarska \u2013 int. p. \u015aroda godz. 16. 00 + \u00a0Karol \u015awiderski \u2013 int. p. Czwartek godz. 16.00 + Zdzis\u0142aw B\u0142aszkowski \u2013 int. p. Pi\u0105tek godz. 7.30 + &hellip; <\/p>\n<p><a class=\"more-link btn\" href=\"https:\/\/parafiasmardzewo.pl\/?p=9880\">Kontynuuj czytanie<\/a><\/p>\n","protected":false},"author":2,"featured_media":6716,"comment_status":"open","ping_status":"open","sticky":false,"template":"","format":"standard","meta":[],"categories":[1],"tags":[],"_links":{"self":[{"href":"https:\/\/parafiasmardzewo.pl\/index.php?rest_route=\/wp\/v2\/posts\/9880"}],"collection":[{"href":"https:\/\/parafiasmardzewo.pl\/index.php?rest_route=\/wp\/v2\/posts"}],"about":[{"href":"https:\/\/parafiasmardzewo.pl\/index.php?rest_route=\/wp\/v2\/types\/post"}],"author":[{"embeddable":true,"href":"https:\/\/parafiasmardzewo.pl\/index.php?rest_route=\/wp\/v2\/users\/2"}],"replies":[{"embeddable":true,"href":"https:\/\/parafiasmardzewo.pl\/index.php?rest_route=%2Fwp%2Fv2%2Fcomments&post=9880"}],"version-history":[{"count":2,"href":"https:\/\/parafiasmardzewo.pl\/index.php?rest_route=\/wp\/v2\/posts\/9880\/revisions"}],"predecessor-version":[{"id":9882,"href":"https:\/\/parafiasmardzewo.pl\/index.php?rest_route=\/wp\/v2\/posts\/9880\/revisions\/9882"}],"wp:featuredmedia":[{"embeddable":true,"href":"https:\/\/parafiasmardzewo.pl\/index.php?rest_route=\/wp\/v2\/media\/6716"}],"wp:attachment":[{"href":"https:\/\/parafiasmardzewo.pl\/index.php?rest_route=%2Fwp%2Fv2%2Fmedia&parent=9880"}],"wp:term":[{"taxonomy":"category","embeddable":true,"href":"https:\/\/parafiasmardzewo.pl\/index.php?rest_route=%2Fwp%2Fv2%2Fcategories&post=9880"},{"taxonomy":"post_tag","embeddable":true,"href":"https:\/\/parafiasmardzewo.pl\/index.php?rest_route=%2Fwp%2Fv2%2Ftags&post=9880"}],"curies":[{"name":"wp","href":"https:\/\/api.w.org\/{rel}","templated":true}]}}