{"id":9883,"date":"2025-01-11T22:11:26","date_gmt":"2025-01-11T21:11:26","guid":{"rendered":"https:\/\/parafiasmardzewo.pl\/?p=9883"},"modified":"2025-01-11T22:11:26","modified_gmt":"2025-01-11T21:11:26","slug":"niedziela-chrztu-panskiego-12-stycznia-2025","status":"publish","type":"post","link":"https:\/\/parafiasmardzewo.pl\/?p=9883","title":{"rendered":"NIEDZIELA CHRZTU PA\u0143SKIEGO &#8211; 12 stycznia 2025"},"content":{"rendered":"<p><strong>OG\u0141OSZENIA DUSZPASTERSKIE<\/strong><\/p>\n<ol>\n<li>Wspomnienie wydarzenia nad Jordanem, gdzie Pan Jezus przyj\u0105\u0142 chrzest, a tak\u017ce gdzie B\u00f3g potwierdzi\u0142, \u017ce jest On Jego Synem, ko\u0144czy okres Narodzenia Pa\u0144skiego. Od jutra w\u00a0liturgii rozpoczyna si\u0119 tak zwany okres zwyk\u0142y \u2013 w ci\u0105gu roku. Jednak w naszej tradycji przed\u0142u\u017camy \u015bpiewanie kol\u0119d do 2 lutego, czyli do \u015bwi\u0119ta Ofiarowania Pa\u0144skiego, zwanego u\u00a0nas \u015bwi\u0119tem Matki Bo\u017cej Gromnicznej, kt\u00f3re bezpo\u015brednio wi\u0105\u017ce si\u0119 z Bo\u017cym Narodzeniem. Zapami\u0119tajmy dzi\u015b s\u0142owa Boga Ojca o Jezusie: \u201eTo jest m\u00f3j Syn umi\u0142owany, Jego s\u0142uchajcie\u201d.<\/li>\n<li>Wspominaj\u0105c chrzest Pana Jezusa w Jordanie, my\u015blimy tak\u017ce o naszym chrzcie, kt\u00f3ry jest pocz\u0105tkiem i fundamentem naszego chrze\u015bcija\u0144skiego \u017cycia, czyli naszej przyja\u017ani, komunii z\u00a0Panem Bogiem.<\/li>\n<li>Zatrzymajmy si\u0119 na moment przy chrzcielnicy w naszym ko\u015bciele, aby podzi\u0119kowa\u0107 za dar dzieci\u0119ctwa Bo\u017cego, ale tak\u017ce zda\u0107 sobie spraw\u0119 z naszej odpowiedzialno\u015bci za budowanie Ko\u015bcio\u0142a na ziemi, za g\u0142oszenie innym Chrystusa i zachwycanie nasz\u0105 wiar\u0105.<\/li>\n<li>W pi\u0105tek, 17 stycznia, obchodzimy Dzie\u0144 Judaizmu. Spr\u00f3bujmy tego dnia szczeg\u00f3lnie si\u0119gn\u0105\u0107 po Pismo \u015awi\u0119te, aby tam szuka\u0107 wsp\u00f3lnych korzeni naszej wiary i uczy\u0107 si\u0119 od Abrahama, jak bez reszty zaufa\u0107 Panu Bogu.<\/li>\n<li>W dniach od 18 do 25 stycznia w Ko\u015bciele b\u0119dzie trwa\u0142 Tydzie\u0144 Powszechnej Modlitw o\u00a0Jedno\u015b\u0107 Chrze\u015bcijan. <strong>\u201ePowszechnej<\/strong>\u201d, gdy\u017c w tym samym czasie podejmuj\u0105 j\u0105 wszystkie Ko\u015bcio\u0142y chrze\u015bcija\u0144skie. Uczy\u0144my wszystko, co w naszej mocy, aby ka\u017cdego dnia wype\u0142nia\u0107 polecenie Pana Jezusa, aby\u015bmy byli jedno. Nasza osobista komunia z Panem Bogiem musi przek\u0142ada\u0107 si\u0119 na relacje z bli\u017animi, zw\u0142aszcza z bra\u0107mi w tej samej wierze. W\u00a0to wielkie nawo\u0142ywanie Ko\u015bcio\u0142a do jedno\u015bci w\u0142\u0105czmy tak\u017ce nasze osobiste modlitwy.<\/li>\n<li>W naszej parafii trwaj\u0105 doroczne odwiedziny duszpasterskie, tak zwana kol\u0119da. Pami\u0119tajmy, \u017ce kap\u0142an przychodzi do naszych dom\u00f3w i mieszka\u0144, a przede wszystkim do rodzin z Bo\u017cym b\u0142ogos\u0142awie\u0144stwem. Program kol\u0119dy na najbli\u017cszy tydzie\u0144 jest nast\u0119puj\u0105cy: <strong>poniedzia\u0142ek<\/strong> \u2013 Podsmardzewo od godz. 9.00, <strong>wtorek<\/strong> \u2013 S\u0142oszewo od godz. 9.00, <strong>czwartek <\/strong>\u2013 Smardzewo Sp\u00f3\u0142dzielnia od godz. 15.00, <strong>pi\u0105tek<\/strong> \u2013 Smardzewo Dzia\u0142ki za szko\u0142\u0105 od godz. 14.00, <strong>sobota <\/strong>\u2013 Smardzewo Dzia\u0142ki od P. Geller do P. Zaj\u0105czkowskiej\u00a0 od godz. 9.00.<\/li>\n<li>Zach\u0119cam do nabycia prasy katolickiej.<\/li>\n<li>W tym tygodniu z naszej wsp\u00f3lnoty odesz\u0142a do wieczno\u015bci \u00a0\u015bw. p. Wanda Nowicka, kt\u00f3ra prze\u017cy\u0142a 78 lat. Od uczestnik\u00f3w pogrzebu b\u0119dzie odprawionych 11 Mszy \u015awi\u0119tych. Pole\u0107my zmar\u0142\u0105 mi\u0142osierdziu Bo\u017cemu: <em>Dobry Jezu, a nasz Panie, daj im wieczne spoczywanie\u2026<\/em><\/li>\n<\/ol>\n<p>&nbsp;<\/p>\n","protected":false},"excerpt":{"rendered":"<p>OG\u0141OSZENIA DUSZPASTERSKIE Wspomnienie wydarzenia nad Jordanem, gdzie Pan Jezus przyj\u0105\u0142 chrzest, a tak\u017ce gdzie B\u00f3g potwierdzi\u0142, \u017ce jest On Jego Synem, ko\u0144czy okres Narodzenia Pa\u0144skiego. Od jutra w\u00a0liturgii rozpoczyna si\u0119 tak zwany okres zwyk\u0142y \u2013 w ci\u0105gu roku. Jednak w naszej tradycji przed\u0142u\u017camy \u015bpiewanie kol\u0119d do 2 lutego, czyli do \u015bwi\u0119ta Ofiarowania Pa\u0144skiego, zwanego u\u00a0nas &hellip; <\/p>\n<p><a class=\"more-link btn\" href=\"https:\/\/parafiasmardzewo.pl\/?p=9883\">Kontynuuj czytanie<\/a><\/p>\n","protected":false},"author":2,"featured_media":5378,"comment_status":"open","ping_status":"open","sticky":false,"template":"","format":"standard","meta":[],"categories":[2],"tags":[],"_links":{"self":[{"href":"https:\/\/parafiasmardzewo.pl\/index.php?rest_route=\/wp\/v2\/posts\/9883"}],"collection":[{"href":"https:\/\/parafiasmardzewo.pl\/index.php?rest_route=\/wp\/v2\/posts"}],"about":[{"href":"https:\/\/parafiasmardzewo.pl\/index.php?rest_route=\/wp\/v2\/types\/post"}],"author":[{"embeddable":true,"href":"https:\/\/parafiasmardzewo.pl\/index.php?rest_route=\/wp\/v2\/users\/2"}],"replies":[{"embeddable":true,"href":"https:\/\/parafiasmardzewo.pl\/index.php?rest_route=%2Fwp%2Fv2%2Fcomments&post=9883"}],"version-history":[{"count":1,"href":"https:\/\/parafiasmardzewo.pl\/index.php?rest_route=\/wp\/v2\/posts\/9883\/revisions"}],"predecessor-version":[{"id":9884,"href":"https:\/\/parafiasmardzewo.pl\/index.php?rest_route=\/wp\/v2\/posts\/9883\/revisions\/9884"}],"wp:featuredmedia":[{"embeddable":true,"href":"https:\/\/parafiasmardzewo.pl\/index.php?rest_route=\/wp\/v2\/media\/5378"}],"wp:attachment":[{"href":"https:\/\/parafiasmardzewo.pl\/index.php?rest_route=%2Fwp%2Fv2%2Fmedia&parent=9883"}],"wp:term":[{"taxonomy":"category","embeddable":true,"href":"https:\/\/parafiasmardzewo.pl\/index.php?rest_route=%2Fwp%2Fv2%2Fcategories&post=9883"},{"taxonomy":"post_tag","embeddable":true,"href":"https:\/\/parafiasmardzewo.pl\/index.php?rest_route=%2Fwp%2Fv2%2Ftags&post=9883"}],"curies":[{"name":"wp","href":"https:\/\/api.w.org\/{rel}","templated":true}]}}