{"id":9885,"date":"2025-01-11T22:56:40","date_gmt":"2025-01-11T21:56:40","guid":{"rendered":"https:\/\/parafiasmardzewo.pl\/?p=9885"},"modified":"2025-01-11T22:56:54","modified_gmt":"2025-01-11T21:56:54","slug":"msze-swiete-od-13-19-stycznia-2025-roku","status":"publish","type":"post","link":"https:\/\/parafiasmardzewo.pl\/?p=9885","title":{"rendered":"Msze \u015awi\u0119te od 13 &#8211; 19 stycznia 2025 roku"},"content":{"rendered":"<p><strong>Poniedzia\u0142ek<\/strong><\/p>\n<p><strong>godz. 7.30 + <\/strong>Regina i Edward Marek<\/p>\n<p><strong>Wtorek<\/strong><\/p>\n<p><strong>godz. 7.30<\/strong> + Stanis\u0142aw Miecznikowski (12. rocznica \u015bmierci) i Hanna Miecznikowska<\/p>\n<p><strong>\u015aroda <\/strong><\/p>\n<p><strong>godz. 16. 00 + <\/strong>\u00a0Maciej Rajewski (7. rocznica \u015bmierci), Wojciech Rajewski (16) i Krzysztof Krasi\u0144ski (13)<\/p>\n<p><strong>Czwartek<\/strong><\/p>\n<p><strong>godz. 16.00 +<\/strong> \u00a0Piotr Jasi\u0144ski \u00a0\u2013 int. p.<\/p>\n<p><strong>Pi\u0105tek<\/strong><\/p>\n<p><strong>godz. 7.30 + <\/strong>\u00a0Marianna Kamaszewska\u2013 int. p.<\/p>\n<p><strong>Sobota<\/strong><\/p>\n<p><strong>godz. 16.00 + <\/strong>\u00a0Za zmar\u0142ych z rodziny Kuli\u0144skich i Stachewicz\u00f3w; 2) + Janusz \u015awiderski \u2013 int. p.<\/p>\n<p><strong>Niedziela<\/strong><\/p>\n<p><strong>godz. 9.00<\/strong> + Daniel Olszewski \u2013 rocznica \u015bmierci (17); 2) W intencji parafian i go\u015bci<\/p>\n<p><strong>godz. 10.45 <\/strong>+ El\u017cbieta Wojciechowska \u2013 rocznica \u015bmierci (8); 2) W intencji w\u0142asnej &#8211; imieninowa<\/p>\n<p><strong>W styczniu i lutym nie jest sprawowana w niedziele\u00a0 Msza \u015awi\u0119ta o godz. 16.00. Natomiast w sobot\u0119 o godz. 16.00 jest sprawowana Msza \u015awi\u0119ta z niedzieli<\/strong><\/p>\n","protected":false},"excerpt":{"rendered":"<p>Poniedzia\u0142ek godz. 7.30 + Regina i Edward Marek Wtorek godz. 7.30 + Stanis\u0142aw Miecznikowski (12. rocznica \u015bmierci) i Hanna Miecznikowska \u015aroda godz. 16. 00 + \u00a0Maciej Rajewski (7. rocznica \u015bmierci), Wojciech Rajewski (16) i Krzysztof Krasi\u0144ski (13) Czwartek godz. 16.00 + \u00a0Piotr Jasi\u0144ski \u00a0\u2013 int. p. Pi\u0105tek godz. 7.30 + \u00a0Marianna Kamaszewska\u2013 int. p. Sobota &hellip; <\/p>\n<p><a class=\"more-link btn\" href=\"https:\/\/parafiasmardzewo.pl\/?p=9885\">Kontynuuj czytanie<\/a><\/p>\n","protected":false},"author":2,"featured_media":9835,"comment_status":"open","ping_status":"open","sticky":false,"template":"","format":"standard","meta":[],"categories":[5],"tags":[],"_links":{"self":[{"href":"https:\/\/parafiasmardzewo.pl\/index.php?rest_route=\/wp\/v2\/posts\/9885"}],"collection":[{"href":"https:\/\/parafiasmardzewo.pl\/index.php?rest_route=\/wp\/v2\/posts"}],"about":[{"href":"https:\/\/parafiasmardzewo.pl\/index.php?rest_route=\/wp\/v2\/types\/post"}],"author":[{"embeddable":true,"href":"https:\/\/parafiasmardzewo.pl\/index.php?rest_route=\/wp\/v2\/users\/2"}],"replies":[{"embeddable":true,"href":"https:\/\/parafiasmardzewo.pl\/index.php?rest_route=%2Fwp%2Fv2%2Fcomments&post=9885"}],"version-history":[{"count":1,"href":"https:\/\/parafiasmardzewo.pl\/index.php?rest_route=\/wp\/v2\/posts\/9885\/revisions"}],"predecessor-version":[{"id":9886,"href":"https:\/\/parafiasmardzewo.pl\/index.php?rest_route=\/wp\/v2\/posts\/9885\/revisions\/9886"}],"wp:featuredmedia":[{"embeddable":true,"href":"https:\/\/parafiasmardzewo.pl\/index.php?rest_route=\/wp\/v2\/media\/9835"}],"wp:attachment":[{"href":"https:\/\/parafiasmardzewo.pl\/index.php?rest_route=%2Fwp%2Fv2%2Fmedia&parent=9885"}],"wp:term":[{"taxonomy":"category","embeddable":true,"href":"https:\/\/parafiasmardzewo.pl\/index.php?rest_route=%2Fwp%2Fv2%2Fcategories&post=9885"},{"taxonomy":"post_tag","embeddable":true,"href":"https:\/\/parafiasmardzewo.pl\/index.php?rest_route=%2Fwp%2Fv2%2Ftags&post=9885"}],"curies":[{"name":"wp","href":"https:\/\/api.w.org\/{rel}","templated":true}]}}