{"id":9888,"date":"2025-01-18T22:14:53","date_gmt":"2025-01-18T21:14:53","guid":{"rendered":"https:\/\/parafiasmardzewo.pl\/?p=9888"},"modified":"2025-01-18T23:09:40","modified_gmt":"2025-01-18T22:09:40","slug":"druga-niedziela-w-ciagu-roku-19-stycznia-2025-roku","status":"publish","type":"post","link":"https:\/\/parafiasmardzewo.pl\/?p=9888","title":{"rendered":"DRUGA NIEDZIELA W CI\u0104GU ROKU &#8211; 19 stycznia 2025 roku"},"content":{"rendered":"<p><strong>OG\u0141OSZENIA DUSZPASTERSKIE<\/strong><\/p>\n<ol>\n<li>W Ko\u015bciele trwa Tydzie\u0144 Powszechnej Modlitwy o Jedno\u015b\u0107 Chrze\u015bcijan. Pan Jezus domaga si\u0119 wzajemnej mi\u0142o\u015bci: <strong>\u201eTo jest moje przykazanie, aby\u015bcie si\u0119 wzajemnie mi\u0142owali, tak jak Ja was umi\u0142owa\u0142em\u201d.<\/strong> Niech ta mi\u0142o\u015b\u0107 stanie si\u0119 naszym znakiem rozpoznawczym w\u00a0\u015bwiecie.<\/li>\n<li>Chocia\u017c Tydzie\u0144 Powszechnej Modlitwy o Jedno\u015b\u0107 Chrze\u015bcijan zako\u0144czy si\u0119 w sobot\u0119, 25\u00a0stycznia, nie ustawajmy w wysi\u0142kach na rzecz jej ca\u0142kowitego przywr\u00f3cenia. Takiej jedno\u015bci pragnie sam Pan Jezus, a jej brak jest zgorszeniem dla wsp\u00f3\u0142czesnego \u015bwiata i wielu \u017ale nastawia do Chrystusowego Ko\u015bcio\u0142a. Dlatego w tej intencji ofiarujmy nasze modlitwy, Komunie \u015bw. oraz cierpienia.<\/li>\n<li>W dniach 24 do 26 stycznia w ca\u0142ym Ko\u015bciele powszechnym w ramach Roku \u015awi\u0119tego b\u0119dzie trwa\u0142 Jubileusz \u015bwiata medi\u00f3w, dziennikarstwa i komunikacji.<\/li>\n<li>We wtorek, 21 stycznia, przypada Dzie\u0144 Babci, a w \u015brod\u0119, 22 stycznia \u2013 Dzie\u0144 Dziadka. Pami\u0119tajmy i m\u00f3dlmy si\u0119 w tych dniach za naszych kochanych dziadk\u00f3w, tych \u017cyj\u0105cych i\u00a0tych, kt\u00f3rzy ju\u017c odeszli do domu Ojca. Niech naszym podzi\u0119kowaniem b\u0119dzie modlitwa, ofiarowana Komunia \u015awi\u0119ta i serdeczna pami\u0119\u0107.<\/li>\n<li>W \u015bwi\u0119to Nawr\u00f3cenia \u015awi\u0119tego Paw\u0142a Aposto\u0142a, przypadaj\u0105ce w sobot\u0119, 25 stycznia, pro\u015bmy o szczeg\u00f3ln\u0105 \u0142ask\u0119, aby Pan r\u00f3wnie\u017c nas zechcia\u0142 nawr\u00f3ci\u0107. Tego nawr\u00f3cenia potrzebujemy na co dzie\u0144. Jak \u015awi\u0119ty Pawe\u0142 powinni\u015bmy sta\u0107 si\u0119 narz\u0119dziem Bo\u017cym, a\u00a0wpatruj\u0105c si\u0119 w jego wspania\u0142y wz\u00f3r, powinni\u015bmy kroczy\u0107 wiernie po drogach wiary.<\/li>\n<li>W przysz\u0142\u0105 niedziel\u0119, 26 stycznia, b\u0119dziemy obchodzili \u015awiatowy Dzie\u0144 Tr\u0119dowatych oraz Dzie\u0144 Islamu. Pro\u015bmy tego dnia o w\u0142a\u015bciw\u0105 opiek\u0119 dla wszystkich choruj\u0105cych w \u015bwiecie na t\u0119 nieuleczaln\u0105 chorob\u0119, a tak\u017ce o \u015bwiat\u0142o Ducha \u015awi\u0119tego, aby\u015bmy potrafili patrze\u0107 na siebie z mi\u0142o\u015bci\u0105 i zrozumieniem.<\/li>\n<li>W naszej parafii jeszcze trwaj\u0105 doroczne odwiedziny duszpasterskie, tak zwana kol\u0119da. Pami\u0119tajmy, \u017ce kap\u0142an przychodzi do naszych dom\u00f3w i mieszka\u0144, a przede wszystkim do rodzin z Bo\u017cym b\u0142ogos\u0142awie\u0144stwem. Program kol\u0119dy jest nast\u0119puj\u0105cy: <strong>poniedzia\u0142ek <\/strong>\u2013 Smardzewo Poduchowne od godz. 10.00, <strong>wtorek &#8211;<\/strong> Koliszewo P\u00f3\u0142noc od godz. 11.00, <strong>pi\u0105tek<\/strong> \u2013 Smardzewo k\/ko\u015bcio\u0142a od godz. 12.00.<\/li>\n<li>Zach\u0119cam do nabycia prasy katolickiej.<\/li>\n<\/ol>\n<p>&nbsp;<\/p>\n","protected":false},"excerpt":{"rendered":"<p>OG\u0141OSZENIA DUSZPASTERSKIE W Ko\u015bciele trwa Tydzie\u0144 Powszechnej Modlitwy o Jedno\u015b\u0107 Chrze\u015bcijan. Pan Jezus domaga si\u0119 wzajemnej mi\u0142o\u015bci: \u201eTo jest moje przykazanie, aby\u015bcie si\u0119 wzajemnie mi\u0142owali, tak jak Ja was umi\u0142owa\u0142em\u201d. Niech ta mi\u0142o\u015b\u0107 stanie si\u0119 naszym znakiem rozpoznawczym w\u00a0\u015bwiecie. Chocia\u017c Tydzie\u0144 Powszechnej Modlitwy o Jedno\u015b\u0107 Chrze\u015bcijan zako\u0144czy si\u0119 w sobot\u0119, 25\u00a0stycznia, nie ustawajmy w wysi\u0142kach &hellip; <\/p>\n<p><a class=\"more-link btn\" href=\"https:\/\/parafiasmardzewo.pl\/?p=9888\">Kontynuuj czytanie<\/a><\/p>\n","protected":false},"author":2,"featured_media":5378,"comment_status":"open","ping_status":"open","sticky":false,"template":"","format":"standard","meta":[],"categories":[2],"tags":[],"_links":{"self":[{"href":"https:\/\/parafiasmardzewo.pl\/index.php?rest_route=\/wp\/v2\/posts\/9888"}],"collection":[{"href":"https:\/\/parafiasmardzewo.pl\/index.php?rest_route=\/wp\/v2\/posts"}],"about":[{"href":"https:\/\/parafiasmardzewo.pl\/index.php?rest_route=\/wp\/v2\/types\/post"}],"author":[{"embeddable":true,"href":"https:\/\/parafiasmardzewo.pl\/index.php?rest_route=\/wp\/v2\/users\/2"}],"replies":[{"embeddable":true,"href":"https:\/\/parafiasmardzewo.pl\/index.php?rest_route=%2Fwp%2Fv2%2Fcomments&post=9888"}],"version-history":[{"count":2,"href":"https:\/\/parafiasmardzewo.pl\/index.php?rest_route=\/wp\/v2\/posts\/9888\/revisions"}],"predecessor-version":[{"id":9891,"href":"https:\/\/parafiasmardzewo.pl\/index.php?rest_route=\/wp\/v2\/posts\/9888\/revisions\/9891"}],"wp:featuredmedia":[{"embeddable":true,"href":"https:\/\/parafiasmardzewo.pl\/index.php?rest_route=\/wp\/v2\/media\/5378"}],"wp:attachment":[{"href":"https:\/\/parafiasmardzewo.pl\/index.php?rest_route=%2Fwp%2Fv2%2Fmedia&parent=9888"}],"wp:term":[{"taxonomy":"category","embeddable":true,"href":"https:\/\/parafiasmardzewo.pl\/index.php?rest_route=%2Fwp%2Fv2%2Fcategories&post=9888"},{"taxonomy":"post_tag","embeddable":true,"href":"https:\/\/parafiasmardzewo.pl\/index.php?rest_route=%2Fwp%2Fv2%2Ftags&post=9888"}],"curies":[{"name":"wp","href":"https:\/\/api.w.org\/{rel}","templated":true}]}}