{"id":9892,"date":"2025-01-22T22:41:48","date_gmt":"2025-01-22T21:41:48","guid":{"rendered":"https:\/\/parafiasmardzewo.pl\/?p=9892"},"modified":"2025-01-22T22:41:48","modified_gmt":"2025-01-22T21:41:48","slug":"msze-swiete-od-20-26-stycznia-2025-roku","status":"publish","type":"post","link":"https:\/\/parafiasmardzewo.pl\/?p=9892","title":{"rendered":"Msze \u015awi\u0119te od 20 &#8211; 26 stycznia 2025 roku"},"content":{"rendered":"<p><strong>Poniedzia\u0142ek<\/strong><\/p>\n<p><strong>godz. 7.30 + <\/strong>\u00a0Zofia Wo\u017anicka<\/p>\n<p><strong>Wtorek<\/strong><\/p>\n<p><strong>godz. 7.30<\/strong> + \u00a0Jan Pajewski \u2013 int. p.<\/p>\n<p><strong>\u015aroda <\/strong><\/p>\n<p><strong>godz. 16. 00 + <\/strong>\u00a0Jan Benedykt Wyrwich i r-c\u00f3w Pawlak\u00f3w -nt. p.<\/p>\n<p><strong>Czwartek<\/strong><\/p>\n<p><strong>godz. 16.00 +<\/strong> \u00a0dziadk\u00f3w Helena i Bronis\u0142aw Mo\u017cd\u017conek, Ewa i Stefan Kmie\u0107 i Maria Mo\u017cd\u017conek<\/p>\n<p><strong>Pi\u0105tek<\/strong><\/p>\n<p><strong>godz. 17.00 <\/strong>W intencji Ojczyzny za wstawiennictwem \u015bw. Andrzeja Boboli i \u015bw. Stanis\u0142awa Kostki<\/p>\n<p><strong>Sobota<\/strong><\/p>\n<p><strong>godz. 16.00 + <\/strong>\u00a0Genowefa Wi\u015bniewska \u2013 int. p.<\/p>\n<p><strong>Niedziela<\/strong><\/p>\n<p><strong>godz. 9.00<\/strong> Msza \u015awi\u0119ta dzi\u0119kczynna i o zdrowie oraz \u015bwiat\u0142o Ducha \u015awi\u0119tego dla os\u00f3b Bogu znanych; 2) O \u0142ask\u0119 zdrowia dla Teresy<\/p>\n<p><strong>godz. 10.45 <\/strong>+ Barbara i J\u00f3zef Rutkowscy &#8211; rocznicowa; 2) Dzi\u0119kczynna i o Bo\u017ce b\u0142ogos\u0142awie\u0144stwo dla Bo\u017ceny Prusak w 55. rocznic\u0119 urodzin<\/p>\n<p><strong>W styczniu i lutym nie jest sprawowana w niedziele\u00a0 Msza \u015awi\u0119ta o godz. 16.00. Natomiast w sobot\u0119 o godz. 16.00 jest sprawowana Msza \u015awi\u0119ta z niedzieli<\/strong><\/p>\n","protected":false},"excerpt":{"rendered":"<p>Poniedzia\u0142ek godz. 7.30 + \u00a0Zofia Wo\u017anicka Wtorek godz. 7.30 + \u00a0Jan Pajewski \u2013 int. p. \u015aroda godz. 16. 00 + \u00a0Jan Benedykt Wyrwich i r-c\u00f3w Pawlak\u00f3w -nt. p. Czwartek godz. 16.00 + \u00a0dziadk\u00f3w Helena i Bronis\u0142aw Mo\u017cd\u017conek, Ewa i Stefan Kmie\u0107 i Maria Mo\u017cd\u017conek Pi\u0105tek godz. 17.00 W intencji Ojczyzny za wstawiennictwem \u015bw. Andrzeja Boboli &hellip; <\/p>\n<p><a class=\"more-link btn\" href=\"https:\/\/parafiasmardzewo.pl\/?p=9892\">Kontynuuj czytanie<\/a><\/p>\n","protected":false},"author":2,"featured_media":9856,"comment_status":"open","ping_status":"open","sticky":false,"template":"","format":"standard","meta":[],"categories":[5],"tags":[],"_links":{"self":[{"href":"https:\/\/parafiasmardzewo.pl\/index.php?rest_route=\/wp\/v2\/posts\/9892"}],"collection":[{"href":"https:\/\/parafiasmardzewo.pl\/index.php?rest_route=\/wp\/v2\/posts"}],"about":[{"href":"https:\/\/parafiasmardzewo.pl\/index.php?rest_route=\/wp\/v2\/types\/post"}],"author":[{"embeddable":true,"href":"https:\/\/parafiasmardzewo.pl\/index.php?rest_route=\/wp\/v2\/users\/2"}],"replies":[{"embeddable":true,"href":"https:\/\/parafiasmardzewo.pl\/index.php?rest_route=%2Fwp%2Fv2%2Fcomments&post=9892"}],"version-history":[{"count":1,"href":"https:\/\/parafiasmardzewo.pl\/index.php?rest_route=\/wp\/v2\/posts\/9892\/revisions"}],"predecessor-version":[{"id":9893,"href":"https:\/\/parafiasmardzewo.pl\/index.php?rest_route=\/wp\/v2\/posts\/9892\/revisions\/9893"}],"wp:featuredmedia":[{"embeddable":true,"href":"https:\/\/parafiasmardzewo.pl\/index.php?rest_route=\/wp\/v2\/media\/9856"}],"wp:attachment":[{"href":"https:\/\/parafiasmardzewo.pl\/index.php?rest_route=%2Fwp%2Fv2%2Fmedia&parent=9892"}],"wp:term":[{"taxonomy":"category","embeddable":true,"href":"https:\/\/parafiasmardzewo.pl\/index.php?rest_route=%2Fwp%2Fv2%2Fcategories&post=9892"},{"taxonomy":"post_tag","embeddable":true,"href":"https:\/\/parafiasmardzewo.pl\/index.php?rest_route=%2Fwp%2Fv2%2Ftags&post=9892"}],"curies":[{"name":"wp","href":"https:\/\/api.w.org\/{rel}","templated":true}]}}