{"id":9894,"date":"2025-01-25T20:27:09","date_gmt":"2025-01-25T19:27:09","guid":{"rendered":"https:\/\/parafiasmardzewo.pl\/?p=9894"},"modified":"2025-01-25T20:27:09","modified_gmt":"2025-01-25T19:27:09","slug":"trzecia-niedziela-w-ciagu-roku-26-stycznia-2025","status":"publish","type":"post","link":"https:\/\/parafiasmardzewo.pl\/?p=9894","title":{"rendered":"TRZECIA NIEDZIELA W CI\u0104GU ROKU &#8211; 26 stycznia 2025"},"content":{"rendered":"<p><strong>OG\u0141OSZENIA DUSZPASTERSKIE<\/strong><\/p>\n<ol>\n<li>Z ustanowienia papie\u017ca Franciszka, III niedziela zwyk\u0142a obchodzona jest w ca\u0142ym Ko\u015bciele jako Niedziela S\u0142owa Bo\u017cego. W tym roku przypada ona 26 stycznia. Inicjatywa ta ma sprawi\u0107, aby w Ludzie Bo\u017cym wzros\u0142a religijna i bliska znajomo\u015b\u0107 Pisma \u015awi\u0119tego.<\/li>\n<li>Dzisiejsza, ostatnia niedziela stycznia, tradycyjnie obchodzona jest w Ko\u015bciele jako \u015awiatowy Dzie\u0144 Tr\u0119dowatych, ustanowiony w 1954 roku. Wiemy, jak straszna w skutkach jest ta choroba. Starajmy si\u0119 wi\u0119c pom\u00f3c chorym na tr\u0105d, aby byli leczeni w poszanowaniu ludzkiej godno\u015bci. <strong>Dzi\u015b na \u015bwiecie tr\u0119dowatymi opiekuj\u0105 si\u0119 g\u0142\u00f3wnie chrze\u015bcija\u0144scy misjonarze. Wspierajmy ich naszymi modlitwami i ofiarami.<\/strong><\/li>\n<li><strong>Dzi\u015b przypada te\u017c <\/strong>Dzie\u0144 Islamu \u2013 pro\u015bmy Tr\u00f3jjedynego Boga \u2013 Pana wszystkich narod\u00f3w, o \u015bwiat\u0142o Ducha \u015awi\u0119tego, aby\u015bmy potrafili patrze\u0107 na siebie z mi\u0142o\u015bci\u0105 i zrozumieniem, cho\u0107by przez pami\u0119\u0107 o\u00a0naszym wsp\u00f3lnym ojcu wiary \u2013 Abrahamie.<\/li>\n<li>Dzisiaj w Ko\u015bciele powszechnym ko\u0144czy si\u0119 Jubileusz \u015bwiata medi\u00f3w, dziennikarstwa i\u00a0komunikacji w ramach Roku Jubileuszowego 2025.<\/li>\n<li>W tym tygodniu przypada pierwsza sobota miesi\u0105ca. To szczeg\u00f3lny dzie\u0144, kiedy czcimy Matk\u0119 Naj\u015bwi\u0119tsz\u0105 i powierzamy Jej Niepokalanemu Sercu ca\u0142\u0105 nasz\u0105 codzienno\u015b\u0107.<\/li>\n<li>W przysz\u0142\u0105 niedziel\u0119, 2 lutego, b\u0119dziemy obchodzili \u015bwi\u0119to Ofiarowania Pa\u0144skiego, w\u00a0naszej polskiej tradycji nazywane \u015bwi\u0119tem Matki Bo\u017cej Gromnicznej. To pami\u0105tka obrz\u0119du, jakiemu zgodnie z \u017cydowskim prawem w czterdziestym dniu po urodzeniu Pana Jezusa poddali si\u0119 Maryja i J\u00f3zef. Zanie\u015bli Dzieci\u0105tko do \u015bwi\u0105tyni jerozolimskiej, aby przedstawi\u0107 Je Bogu i z\u0142o\u017cy\u0107 ofiar\u0119. Tego dnia na uroczyst\u0105 liturgi\u0119 przynie\u015bmy \u015bwiece zwane gromnicami. Zostan\u0105 one pob\u0142ogos\u0142awione, aby przez ca\u0142y rok, a zw\u0142aszcza w\u00a0chwilach trwogi i cierpienia, przypomina\u0142y nam o Jezusie \u2013 \u015awiat\u0142o\u015bci Narod\u00f3w, kt\u00f3ry nieustannie o\u015bwieca drogi naszego \u017cycia.<\/li>\n<li>Z inicjatywy \u015awi\u0119tego Jana Paw\u0142a II \u015bwi\u0119to Ofiarowania Pa\u0144skiego jest tak\u017ce \u015awiatowym Dniem \u017bycia Konsekrowanego. Nasz\u0105 modlitw\u0105 obejmiemy osoby po\u015bwi\u0119cone Bogu i\u00a0ludziom w r\u00f3\u017cnych zakonach i zgromadzeniach. Tego dnia b\u0119dziemy prosi\u0107 o liczne i \u015bwi\u0119te powo\u0142ania do \u017cycia zakonnego w naszych rodzinach i we wsp\u00f3lnocie parafialnej. Wesprzemy te\u017c materialnie borykaj\u0105ce si\u0119 z trudno\u015bciami klasztory i domy zakonne.<\/li>\n<li>Zako\u0144czy\u0142a si\u0119 wizyta duszpasterska \u2013 kol\u0119da. Podsumowanie kol\u0119dy w nast\u0119pn\u0105 niedziel\u0119.<\/li>\n<li>Zach\u0119cam do nabycia prasy katolickiej.<\/li>\n<li>W tym tygodniu z naszej wsp\u00f3lnoty odszed\u0142 do wieczno\u015bci \u015bw. p. Kazimierz Burdecki, kt\u00f3ry prze\u017cy\u0142 74 lata. Od uczestnik\u00f3w pogrzebu b\u0119dzie odprawionych 6 Mszy \u015awi\u0119tych.<\/li>\n<\/ol>\n<p><strong>\u00a0<\/strong><\/p>\n","protected":false},"excerpt":{"rendered":"<p>OG\u0141OSZENIA DUSZPASTERSKIE Z ustanowienia papie\u017ca Franciszka, III niedziela zwyk\u0142a obchodzona jest w ca\u0142ym Ko\u015bciele jako Niedziela S\u0142owa Bo\u017cego. W tym roku przypada ona 26 stycznia. Inicjatywa ta ma sprawi\u0107, aby w Ludzie Bo\u017cym wzros\u0142a religijna i bliska znajomo\u015b\u0107 Pisma \u015awi\u0119tego. Dzisiejsza, ostatnia niedziela stycznia, tradycyjnie obchodzona jest w Ko\u015bciele jako \u015awiatowy Dzie\u0144 Tr\u0119dowatych, ustanowiony w &hellip; <\/p>\n<p><a class=\"more-link btn\" href=\"https:\/\/parafiasmardzewo.pl\/?p=9894\">Kontynuuj czytanie<\/a><\/p>\n","protected":false},"author":2,"featured_media":5378,"comment_status":"open","ping_status":"open","sticky":false,"template":"","format":"standard","meta":[],"categories":[2],"tags":[],"_links":{"self":[{"href":"https:\/\/parafiasmardzewo.pl\/index.php?rest_route=\/wp\/v2\/posts\/9894"}],"collection":[{"href":"https:\/\/parafiasmardzewo.pl\/index.php?rest_route=\/wp\/v2\/posts"}],"about":[{"href":"https:\/\/parafiasmardzewo.pl\/index.php?rest_route=\/wp\/v2\/types\/post"}],"author":[{"embeddable":true,"href":"https:\/\/parafiasmardzewo.pl\/index.php?rest_route=\/wp\/v2\/users\/2"}],"replies":[{"embeddable":true,"href":"https:\/\/parafiasmardzewo.pl\/index.php?rest_route=%2Fwp%2Fv2%2Fcomments&post=9894"}],"version-history":[{"count":1,"href":"https:\/\/parafiasmardzewo.pl\/index.php?rest_route=\/wp\/v2\/posts\/9894\/revisions"}],"predecessor-version":[{"id":9895,"href":"https:\/\/parafiasmardzewo.pl\/index.php?rest_route=\/wp\/v2\/posts\/9894\/revisions\/9895"}],"wp:featuredmedia":[{"embeddable":true,"href":"https:\/\/parafiasmardzewo.pl\/index.php?rest_route=\/wp\/v2\/media\/5378"}],"wp:attachment":[{"href":"https:\/\/parafiasmardzewo.pl\/index.php?rest_route=%2Fwp%2Fv2%2Fmedia&parent=9894"}],"wp:term":[{"taxonomy":"category","embeddable":true,"href":"https:\/\/parafiasmardzewo.pl\/index.php?rest_route=%2Fwp%2Fv2%2Fcategories&post=9894"},{"taxonomy":"post_tag","embeddable":true,"href":"https:\/\/parafiasmardzewo.pl\/index.php?rest_route=%2Fwp%2Fv2%2Ftags&post=9894"}],"curies":[{"name":"wp","href":"https:\/\/api.w.org\/{rel}","templated":true}]}}