{"id":9896,"date":"2025-01-25T22:38:42","date_gmt":"2025-01-25T21:38:42","guid":{"rendered":"https:\/\/parafiasmardzewo.pl\/?p=9896"},"modified":"2025-01-25T22:38:42","modified_gmt":"2025-01-25T21:38:42","slug":"msze-swiete-od-27-i-2-ii-2025-roku","status":"publish","type":"post","link":"https:\/\/parafiasmardzewo.pl\/?p=9896","title":{"rendered":"Msze \u015awi\u0119te od 27 I &#8211; 2 II 2025 roku"},"content":{"rendered":"<p><strong>Poniedzia\u0142ek<\/strong><\/p>\n<p><strong>godz. 16.00 + <\/strong>\u00a0Genowefa Wi\u015bniewska<\/p>\n<p><strong>Wtorek<\/strong><\/p>\n<p><strong>godz. 16.00 + <\/strong>Romualda Borys \u2013 rocznica \u015bmierci (1)<\/p>\n<p><strong>\u015aroda <\/strong><\/p>\n<p><strong>godz. 16. 00 + <\/strong>\u00a0J\u00f3zef D\u0105browski &#8211; int. p.<\/p>\n<p><strong>Czwartek<\/strong><\/p>\n<p><strong>godz. 16.00 +<\/strong> \u00a0Zmar\u0142ych z ca\u0142ej rodziny Romanowskich i Edwarda Gut<\/p>\n<p><strong>Pi\u0105tek<\/strong><\/p>\n<p><strong>godz. 7.30 + <\/strong>Boles\u0142aw Duszy\u0144ski \u2013 int. p.<\/p>\n<p><strong>godz. 16.00 + <\/strong>Czes\u0142aw Za\u0142\u0119cki \u2013 int. p.<\/p>\n<p><strong>Sobota<\/strong><\/p>\n<p><strong>godz. 16.00 + <\/strong>\u00a0Stanis\u0142aw Miecznikowski \u2013 gregorianka; Marianna Wolert z okazji imienin i Ryszard Wolert \u2013 rocznica \u015bmierci (50)<\/p>\n<p><strong>Niedziela<\/strong><\/p>\n<p><strong>godz. 9.00<\/strong> + gregorianka \u2013 Stanis\u0142aw Miecznikowski; 2) + \u0141ukasz Popio\u0142kowski\u00a0 &#8211; rocznica \u015bmierci (20)<\/p>\n<p><strong>godz. 10.45 <\/strong>+ Urszula i Stanis\u0142aw Buras; 2) W intencji parafian i go\u015bci<\/p>\n<p><strong>W styczniu i lutym nie jest sprawowana w niedziele\u00a0 Msza \u015awi\u0119ta o godz. 16.00. Natomiast w sobot\u0119 o godz. 16.00 jest sprawowana Msza \u015awi\u0119ta z niedzieli<\/strong><\/p>\n<p>&nbsp;<\/p>\n","protected":false},"excerpt":{"rendered":"<p>Poniedzia\u0142ek godz. 16.00 + \u00a0Genowefa Wi\u015bniewska Wtorek godz. 16.00 + Romualda Borys \u2013 rocznica \u015bmierci (1) \u015aroda godz. 16. 00 + \u00a0J\u00f3zef D\u0105browski &#8211; int. p. Czwartek godz. 16.00 + \u00a0Zmar\u0142ych z ca\u0142ej rodziny Romanowskich i Edwarda Gut Pi\u0105tek godz. 7.30 + Boles\u0142aw Duszy\u0144ski \u2013 int. p. godz. 16.00 + Czes\u0142aw Za\u0142\u0119cki \u2013 int. p. &hellip; <\/p>\n<p><a class=\"more-link btn\" href=\"https:\/\/parafiasmardzewo.pl\/?p=9896\">Kontynuuj czytanie<\/a><\/p>\n","protected":false},"author":2,"featured_media":9864,"comment_status":"open","ping_status":"open","sticky":false,"template":"","format":"standard","meta":[],"categories":[5],"tags":[],"_links":{"self":[{"href":"https:\/\/parafiasmardzewo.pl\/index.php?rest_route=\/wp\/v2\/posts\/9896"}],"collection":[{"href":"https:\/\/parafiasmardzewo.pl\/index.php?rest_route=\/wp\/v2\/posts"}],"about":[{"href":"https:\/\/parafiasmardzewo.pl\/index.php?rest_route=\/wp\/v2\/types\/post"}],"author":[{"embeddable":true,"href":"https:\/\/parafiasmardzewo.pl\/index.php?rest_route=\/wp\/v2\/users\/2"}],"replies":[{"embeddable":true,"href":"https:\/\/parafiasmardzewo.pl\/index.php?rest_route=%2Fwp%2Fv2%2Fcomments&post=9896"}],"version-history":[{"count":1,"href":"https:\/\/parafiasmardzewo.pl\/index.php?rest_route=\/wp\/v2\/posts\/9896\/revisions"}],"predecessor-version":[{"id":9897,"href":"https:\/\/parafiasmardzewo.pl\/index.php?rest_route=\/wp\/v2\/posts\/9896\/revisions\/9897"}],"wp:featuredmedia":[{"embeddable":true,"href":"https:\/\/parafiasmardzewo.pl\/index.php?rest_route=\/wp\/v2\/media\/9864"}],"wp:attachment":[{"href":"https:\/\/parafiasmardzewo.pl\/index.php?rest_route=%2Fwp%2Fv2%2Fmedia&parent=9896"}],"wp:term":[{"taxonomy":"category","embeddable":true,"href":"https:\/\/parafiasmardzewo.pl\/index.php?rest_route=%2Fwp%2Fv2%2Fcategories&post=9896"},{"taxonomy":"post_tag","embeddable":true,"href":"https:\/\/parafiasmardzewo.pl\/index.php?rest_route=%2Fwp%2Fv2%2Ftags&post=9896"}],"curies":[{"name":"wp","href":"https:\/\/api.w.org\/{rel}","templated":true}]}}