{"id":9899,"date":"2025-02-01T21:20:16","date_gmt":"2025-02-01T20:20:16","guid":{"rendered":"https:\/\/parafiasmardzewo.pl\/?p=9899"},"modified":"2025-02-01T21:20:16","modified_gmt":"2025-02-01T20:20:16","slug":"objawienie-panskie-2-lutego-2025-roku","status":"publish","type":"post","link":"https:\/\/parafiasmardzewo.pl\/?p=9899","title":{"rendered":"OBJAWIENIE PA\u0143SKIE &#8211; 2 lutego 2025 roku"},"content":{"rendered":"<p><strong>OG\u0141OSZENIA DUSZPASTERSKIE<\/strong><\/p>\n<ol>\n<li>W dzisiejsz\u0105 niedziel\u0119, 2 lutego, w kalendarzu liturgicznym przypada \u015bwi\u0119to Ofiarowania Pa\u0144skiego, w naszej polskiej tradycji nazywane \u015bwi\u0119tem Matki Bo\u017cej Gromnicznej. Od pocz\u0105tku czczono w Ko\u015bciele pami\u0105tk\u0119 przyniesienia Dzieci\u0105tka Jezus przez Maryj\u0119 i J\u00f3zefa do \u015bwi\u0105tyni jerozolimskiej. Niekiedy dzie\u0144 ten nazywano tak\u017ce \u015bwi\u0119tem Symeona. Jak pami\u0119tamy z kart Ewangelii, Maryja z\u0142o\u017cy\u0142a Dzieci\u0105tko w r\u0119ce \u015bwi\u0105tobliwego starca Symeona. W Jerozolimie to \u015bwi\u0119to obchodzono ju\u017c w V wieku i \u0142\u0105czono je z procesj\u0105 ze \u015bwiecami. Od X wieku upowszechni\u0142 si\u0119 zwyczaj b\u0142ogos\u0142awienia w tym dniu \u015bwiec. \u015awi\u0119to Ofiarowania Pa\u0144skiego ukazuje nam Chrystusa \u2013 \u015awiat\u0142o\u015b\u0107 \u015bwiata. Przyniesiona przez nas \u015bwieca ma przypomina\u0107, \u017ce Chrystus nieustannie o\u015bwieca drogi naszego \u017cycia. Dzisiaj prze\u017cywamy te\u017c pierwsz\u0105 niedziel\u0119 miesi\u0105ca. Po sumie b\u0119dzie adoracja Naj\u015bwi\u0119tszego Sakramentu.<\/li>\n<li>W wydarzeniu Ofiarowania Pa\u0144skiego wyj\u0105tkowa jest te\u017c obecno\u015b\u0107 starc\u00f3w Symeona i\u00a0Anny. Dlatego dzi\u015b modlimy si\u0119 w intencji ludzi w podesz\u0142ym wieku. S\u0119dziwi Symeon i\u00a0Anna pokazuj\u0105 nam, \u017ce u schy\u0142ku \u017cycia mo\u017cna dostrzec sprawy, kt\u00f3rych nie dostrzegaj\u0105 inni. S\u0105 oni tak\u017ce niezr\u00f3wnanymi nauczycielami trudnej i zapomnianej umiej\u0119tno\u015bci przygotowania si\u0119 do odej\u015bcia z tego \u015bwiata.<\/li>\n<li>W \u015bwi\u0119to Ofiarowania Pa\u0144skiego w Ko\u015bciele powszechnym obchodzimy ustanowiony przez \u015awi\u0119tego Jana Paw\u0142a II \u015awiatowy Dzie\u0144 \u017bycia Konsekrowanego \u2013 tegoroczny jest ju\u017c 29. z kolei. Nasz\u0105 modlitw\u0105 obejmujemy osoby, kt\u00f3re odda\u0142y swoje \u017cycie na s\u0142u\u017cb\u0119 Panu Bogu i ludziom w zakonach, zgromadzeniach i instytutach \u015bwieckich. Pro\u015bmy te\u017c o liczne i\u00a0\u015bwi\u0119te powo\u0142ania do \u017cycia zakonnego w naszych rodzinach i wsp\u00f3lnocie parafialnej. Niech nie zabraknie te\u017c wsparcia materialnego dla klasztor\u00f3w klauzurowych i dom\u00f3w zakonnych.<\/li>\n<li>W Ko\u015bciele powszechnym w dniach 8 do 9 lutego trwa\u0142 b\u0119dzie Jubileusz Wojska, Policji i\u00a0S\u0142u\u017cby Bezpiecze\u0144stwa w ramach Roku Jubileuszowego 2025.<\/li>\n<li>W tym tygodniu przypada pierwszy czwartek i pierwszy pi\u0105tek miesi\u0105ca.<\/li>\n<li>W pi\u0105tek pragniemy wype\u0142ni\u0107 pro\u015bb\u0119 Pana Jezusa o modlitw\u0119 wynagradzaj\u0105c\u0105 za grzechy nasze i ca\u0142ego \u015bwiata. Z sakramentu pokuty w pierwszy pi\u0105tek miesi\u0105ca b\u0119dzie mo\u017cna skorzysta\u0107 w pi\u0105tek od godz. 15.30.<\/li>\n<li>Zach\u0119cam do nabycia prasy katolickiej.<\/li>\n<li><strong>Posumowanie kol\u0119dy<\/strong>. W ubieg\u0142ym tygodniu zako\u0144czy\u0142em wizyt\u0119 duszpastersk\u0105 w naszej parafii. Dzisiaj chcia\u0142bym kr\u00f3tko podsumowa\u0107 t\u0119 bardzo wa\u017cn\u0105 &#8211; moim zdaniem &#8211; prac\u0119 duszpastersk\u0105 kap\u0142ana. <strong>Dzi\u0119kuj\u0119 przede wszystkim za wsp\u00f3ln\u0105 modlitw\u0119 w ka\u017cdej rodzinie i rozmow\u0119<\/strong>.\u00a0\u00a0 Wszystkim rodzinom, kt\u00f3re przyjmowa\u0142y mnie z wizyt\u0105 duszpastersk\u0105 dzi\u0119kuj\u0119 za go\u015bcinno\u015b\u0107 i okazywan\u0105 mi serdeczno\u015b\u0107. Bardzo gor\u0105co dzi\u0119kuj\u0119 tym mieszka\u0144com z poszczeg\u00f3lnych miejscowo\u015bci, kt\u00f3rzy ofiarowali sw\u00f3j czas, by przyjecha\u0107 po ksi\u0119dza i po zako\u0144czeniu kol\u0119dy odwie\u017a\u0107\u00a0 do plebanii. S\u0142owa szczeg\u00f3lnej wdzi\u0119czno\u015bci kieruj\u0119 do rodzin, kt\u00f3re cz\u0119stowa\u0142y posi\u0142kiem, herbat\u0105, kaw\u0105. Prawie wszystkie rodziny z\u0142o\u017cy\u0142y ofiar\u0119 materialn\u0105 na kol\u0119d\u0119 i na zakup konfesjona\u0142\u00f3w do \u015bwi\u0105tyni.\u00a0 Za ka\u017cdy, nawet najmniejszy grosz sk\u0142adam serdeczne podzi\u0119kowanie wszystkim, kt\u00f3rzy swoj\u0105 ofiarno\u015bci\u0105 wykazuj\u0105 trosk\u0119\u00a0 o pi\u0119kno naszego materialnego ko\u015bcio\u0142a. Cieszy bardzo fakt, \u017ce sporo rodzin (oko\u0142o30% parafian) uczestniczy\u00a0 regularnie w ka\u017cd\u0105 niedziel\u0119 w Eucharystii i wiele z tych os\u00f3b przyjmuje komuni\u0119 \u015bwi\u0119t\u0105. Jest te\u017c grupa os\u00f3b, kt\u00f3rzy przychodz\u0105 do ko\u015bcio\u0142a rzadziej, ale mimo r\u00f3\u017cnych trudno\u015bci (by\u0107 mo\u017ce i lenistwa) ceni\u0105 niedzieln\u0105 Msz\u0119 \u015awi\u0119t\u0105. Pro\u015bba do nich, by do\u0142o\u017cyli stara\u0144, aby by\u0142o jeszcze lepiej. S\u0105 i tacy, kt\u00f3rzy w ko\u015bciele bywaj\u0105 na Bo\u017ce Narodzenie, Wielkanoc, Bo\u017ce Cia\u0142o. S\u0105 czasami na\u00a0 uroczysto\u015bciach \u015blubnych, pogrzebowych. Wreszcie jest grupa os\u00f3b (30-40), kt\u00f3rzy w ko\u015bciele pojawiaj\u0105 si\u0119 ale\u00a0 nie korzystaj\u0105 z\u00a0 sakrament\u00f3w \u015bwi\u0119tych od wielu lat. S\u0105 to s\u0105siedzi niekt\u00f3rych z was, a nawet bliscy krewni. Otoczmy ich szczeg\u00f3ln\u0105 trosk\u0105 modlitewn\u0105, a mo\u017ce po raz kolejny przeprowad\u017amy z nimi serdeczn\u0105, \u017cyczliw\u0105 rozmow\u0119 na temat ich postawy wobec Boga i Ko\u015bcio\u0142a. S\u0105 to przecie\u017c osoby, kt\u00f3re deklaruj\u0105, \u017ce\u00a0 s\u0105 wierz\u0105cy.\u00a0 Do spraw negatywnych nale\u017cy zaliczy\u0107 nadu\u017cywanie alkoholu w niekt\u00f3rych rodzinach. Dotyczy to cz\u0119\u015bciej os\u00f3b samotnych.\u00a0 Do\u015b\u0107 smutn\u0105 spraw\u0105 s\u0105 nieporozumienia rodzinne i s\u0105siedzkie. Coraz cz\u0119stszym zjawiskiem jest\u00a0 wsp\u00f3lne zamieszkiwanie, g\u0142ownie m\u0142odych, przed zawarciem sakramentalnego zwi\u0105zku ma\u0142\u017ce\u0144skiego. Niekt\u00f3rzy staraj\u0105 si\u0119 uporz\u0105dkowa\u0107 swoje sprawy dotycz\u0105ce \u017cycia sakramentalnego. To bardzo pocieszaj\u0105ce. Nie zawsze rodzice zajmuj\u0105 w\u0142a\u015bciw\u0105 postaw\u0119 wobec dzieci, kt\u00f3re lekcewa\u017c\u0105 Bo\u017ce przykazania. Warto przypomnie\u0107, \u017ce przed Bogiem b\u0119dziemy kiedy\u015b odpowiada\u0107 ka\u017cdy za siebie ale i w jakim\u015b stopniu za innych (ks. za parafian, rodzice za dzieci). Wszystkich, a szczeg\u00f3lnie tych, kt\u00f3rzy prze\u017cywaj\u0105 r\u00f3\u017cne k\u0142opoty i trudno\u015bci, g\u0142\u00f3wnie zwi\u0105zane z chorob\u0105 i cierpieniem, pole\u0107my Jezusowi i Jego oraz naszej Matce \u2013 Maryi.<\/li>\n<\/ol>\n<p>&nbsp;<\/p>\n<p>&nbsp;<\/p>\n<p>&nbsp;<\/p>\n","protected":false},"excerpt":{"rendered":"<p>OG\u0141OSZENIA DUSZPASTERSKIE W dzisiejsz\u0105 niedziel\u0119, 2 lutego, w kalendarzu liturgicznym przypada \u015bwi\u0119to Ofiarowania Pa\u0144skiego, w naszej polskiej tradycji nazywane \u015bwi\u0119tem Matki Bo\u017cej Gromnicznej. Od pocz\u0105tku czczono w Ko\u015bciele pami\u0105tk\u0119 przyniesienia Dzieci\u0105tka Jezus przez Maryj\u0119 i J\u00f3zefa do \u015bwi\u0105tyni jerozolimskiej. Niekiedy dzie\u0144 ten nazywano tak\u017ce \u015bwi\u0119tem Symeona. Jak pami\u0119tamy z kart Ewangelii, Maryja z\u0142o\u017cy\u0142a Dzieci\u0105tko w &hellip; <\/p>\n<p><a class=\"more-link btn\" href=\"https:\/\/parafiasmardzewo.pl\/?p=9899\">Kontynuuj czytanie<\/a><\/p>\n","protected":false},"author":2,"featured_media":5378,"comment_status":"open","ping_status":"open","sticky":false,"template":"","format":"standard","meta":[],"categories":[2],"tags":[],"_links":{"self":[{"href":"https:\/\/parafiasmardzewo.pl\/index.php?rest_route=\/wp\/v2\/posts\/9899"}],"collection":[{"href":"https:\/\/parafiasmardzewo.pl\/index.php?rest_route=\/wp\/v2\/posts"}],"about":[{"href":"https:\/\/parafiasmardzewo.pl\/index.php?rest_route=\/wp\/v2\/types\/post"}],"author":[{"embeddable":true,"href":"https:\/\/parafiasmardzewo.pl\/index.php?rest_route=\/wp\/v2\/users\/2"}],"replies":[{"embeddable":true,"href":"https:\/\/parafiasmardzewo.pl\/index.php?rest_route=%2Fwp%2Fv2%2Fcomments&post=9899"}],"version-history":[{"count":1,"href":"https:\/\/parafiasmardzewo.pl\/index.php?rest_route=\/wp\/v2\/posts\/9899\/revisions"}],"predecessor-version":[{"id":9900,"href":"https:\/\/parafiasmardzewo.pl\/index.php?rest_route=\/wp\/v2\/posts\/9899\/revisions\/9900"}],"wp:featuredmedia":[{"embeddable":true,"href":"https:\/\/parafiasmardzewo.pl\/index.php?rest_route=\/wp\/v2\/media\/5378"}],"wp:attachment":[{"href":"https:\/\/parafiasmardzewo.pl\/index.php?rest_route=%2Fwp%2Fv2%2Fmedia&parent=9899"}],"wp:term":[{"taxonomy":"category","embeddable":true,"href":"https:\/\/parafiasmardzewo.pl\/index.php?rest_route=%2Fwp%2Fv2%2Fcategories&post=9899"},{"taxonomy":"post_tag","embeddable":true,"href":"https:\/\/parafiasmardzewo.pl\/index.php?rest_route=%2Fwp%2Fv2%2Ftags&post=9899"}],"curies":[{"name":"wp","href":"https:\/\/api.w.org\/{rel}","templated":true}]}}