{"id":9902,"date":"2025-02-01T21:58:08","date_gmt":"2025-02-01T20:58:08","guid":{"rendered":"https:\/\/parafiasmardzewo.pl\/?p=9902"},"modified":"2025-02-01T22:00:50","modified_gmt":"2025-02-01T21:00:50","slug":"msze-swiete-od-3-9-lutego-2025-roku","status":"publish","type":"post","link":"https:\/\/parafiasmardzewo.pl\/?p=9902","title":{"rendered":"Msze \u015awi\u0119te od 3 &#8211; 9 lutego 2025 roku"},"content":{"rendered":"<p><strong>Poniedzia\u0142ek<\/strong><\/p>\n<p><strong>godz. 7.30 +\u00a0 <\/strong>Stanis\u0142aw Miecznikowski &#8211; gregorianka<\/p>\n<p><strong>godz. 16.00 + <\/strong>\u00a0Marian We\u0142na, Krzysztof We\u0142na, r-c\u00f3w Koci\u0144skich<\/p>\n<p><strong>Wtorek<\/strong><\/p>\n<p><strong>godz. 7.30 +\u00a0 <\/strong>gregorianka<\/p>\n<p><strong>godz. 16.00 + <\/strong>Andrzej Wasiak<\/p>\n<p><strong>\u015aroda <\/strong><\/p>\n<p><strong>godz. 7.30 + <\/strong>gregorianka<\/p>\n<p><strong>godz. 16. 00 + <\/strong>\u00a0Karol \u015awiderski \u2013 int. p.<\/p>\n<p><strong>Czwartek<\/strong><\/p>\n<p><strong>godz. 7.30 + <\/strong>gregorianka<\/p>\n<p><strong>godz. 16.00 +<\/strong> \u00a0Anastazja Mro\u017ckiewicz \u2013 int. p<\/p>\n<p><strong>Pi\u0105tek<\/strong><\/p>\n<p><strong>godz. 7.30 <\/strong>O \u0142ask\u0119 zdrowia dla \u0141ucji i Teresy<\/p>\n<p><strong>godz. 16.00 + <\/strong>gregorianka<\/p>\n<p><strong>Sobota<\/strong><\/p>\n<p><strong>godz. 7.30 +\u00a0 <\/strong>gregorianka<\/p>\n<p><strong>godz. 16.00 + <\/strong>\u00a0Wies\u0142aw Lewandowski \u2013 rocznica \u015bmierci (6)<\/p>\n<p><strong>Niedziela<\/strong><\/p>\n<p><strong>godz. 9.00<\/strong> + gregorianka \u2013 Stanis\u0142aw Miecznikowski; 2) Dzi\u0119kczynna i o Bo\u017ce b\u0142ogos\u0142awie\u0144stwo dla Jakuba J\u0119drzejewskiego w rocznic\u0119 urodzin (18)<\/p>\n<p><strong>godz. 10.45 <\/strong>+ Jadwiga i Mieczys\u0142aw Brudzy\u0144scy; 2) Dzi\u0119kczynno-b\u0142agalna dla ks. proboszcza Henryka Dymka \u2013 intencja parafian<\/p>\n<p><strong>W styczniu i lutym nie jest sprawowana w niedziele\u00a0 Msza \u015awi\u0119ta o godz. 16.00. Natomiast w sobot\u0119 o godz. 16.00 jest sprawowana Msza \u015awi\u0119ta z niedzieli<\/strong><\/p>\n<p>&nbsp;<\/p>\n","protected":false},"excerpt":{"rendered":"<p>Poniedzia\u0142ek godz. 7.30 +\u00a0 Stanis\u0142aw Miecznikowski &#8211; gregorianka godz. 16.00 + \u00a0Marian We\u0142na, Krzysztof We\u0142na, r-c\u00f3w Koci\u0144skich Wtorek godz. 7.30 +\u00a0 gregorianka godz. 16.00 + Andrzej Wasiak \u015aroda godz. 7.30 + gregorianka godz. 16. 00 + \u00a0Karol \u015awiderski \u2013 int. p. Czwartek godz. 7.30 + gregorianka godz. 16.00 + \u00a0Anastazja Mro\u017ckiewicz \u2013 int. p Pi\u0105tek &hellip; <\/p>\n<p><a class=\"more-link btn\" href=\"https:\/\/parafiasmardzewo.pl\/?p=9902\">Kontynuuj czytanie<\/a><\/p>\n","protected":false},"author":2,"featured_media":9868,"comment_status":"open","ping_status":"open","sticky":false,"template":"","format":"standard","meta":[],"categories":[5],"tags":[],"_links":{"self":[{"href":"https:\/\/parafiasmardzewo.pl\/index.php?rest_route=\/wp\/v2\/posts\/9902"}],"collection":[{"href":"https:\/\/parafiasmardzewo.pl\/index.php?rest_route=\/wp\/v2\/posts"}],"about":[{"href":"https:\/\/parafiasmardzewo.pl\/index.php?rest_route=\/wp\/v2\/types\/post"}],"author":[{"embeddable":true,"href":"https:\/\/parafiasmardzewo.pl\/index.php?rest_route=\/wp\/v2\/users\/2"}],"replies":[{"embeddable":true,"href":"https:\/\/parafiasmardzewo.pl\/index.php?rest_route=%2Fwp%2Fv2%2Fcomments&post=9902"}],"version-history":[{"count":2,"href":"https:\/\/parafiasmardzewo.pl\/index.php?rest_route=\/wp\/v2\/posts\/9902\/revisions"}],"predecessor-version":[{"id":9904,"href":"https:\/\/parafiasmardzewo.pl\/index.php?rest_route=\/wp\/v2\/posts\/9902\/revisions\/9904"}],"wp:featuredmedia":[{"embeddable":true,"href":"https:\/\/parafiasmardzewo.pl\/index.php?rest_route=\/wp\/v2\/media\/9868"}],"wp:attachment":[{"href":"https:\/\/parafiasmardzewo.pl\/index.php?rest_route=%2Fwp%2Fv2%2Fmedia&parent=9902"}],"wp:term":[{"taxonomy":"category","embeddable":true,"href":"https:\/\/parafiasmardzewo.pl\/index.php?rest_route=%2Fwp%2Fv2%2Fcategories&post=9902"},{"taxonomy":"post_tag","embeddable":true,"href":"https:\/\/parafiasmardzewo.pl\/index.php?rest_route=%2Fwp%2Fv2%2Ftags&post=9902"}],"curies":[{"name":"wp","href":"https:\/\/api.w.org\/{rel}","templated":true}]}}