{"id":9905,"date":"2025-02-08T21:07:46","date_gmt":"2025-02-08T20:07:46","guid":{"rendered":"https:\/\/parafiasmardzewo.pl\/?p=9905"},"modified":"2025-02-08T21:07:46","modified_gmt":"2025-02-08T20:07:46","slug":"piata-niedziela-w-ciagu-roku-9-lutego-2025","status":"publish","type":"post","link":"https:\/\/parafiasmardzewo.pl\/?p=9905","title":{"rendered":"PI\u0104TA NIEDZIELA W CI\u0104GU ROKU &#8211; 9 lutego 2025"},"content":{"rendered":"<p><strong>OG\u0141OSZENIA DUSZPASTERSKIE<\/strong><\/p>\n<ol>\n<li>We wtorek, 11 lutego, przypada liturgiczne wspomnienie Naj\u015bwi\u0119tszej Maryi Panny z\u00a0Lourdes. Dok\u0142adnie tego dnia w 1858 roku, cztery lata po og\u0142oszeniu dogmatu o\u00a0Niepokalanym Pocz\u0119ciu, Matka Naj\u015bwi\u0119tsza objawi\u0142a si\u0119 ubogiej pasterce, Bernadecie Soubirous w Grocie Massabielskiej. Wzywa\u0142a do modlitwy oraz pokuty. Lourdes zas\u0142yn\u0119\u0142o z\u00a0licznych nawr\u00f3ce\u0144 i uzdrowie\u0144, staj\u0105c si\u0119 w kr\u00f3tkim czasie centrum kultu maryjnego we Francji. Dzi\u015b do Lourdes przybywaj\u0105 chorzy pielgrzymi z ca\u0142ego \u015bwiata.<\/li>\n<li>\u015awi\u0119to Matki Bo\u017cej z Lourdes \u0142\u0105czymy z obchodami \u015awiatowego Dnia Chorego. Mamy wi\u0119c szczeg\u00f3ln\u0105 okazj\u0119 do pog\u0142\u0119bienia postawy wra\u017cliwo\u015bci, refleksji i czynnego dzia\u0142ania wobec cierpi\u0105cych i chorych. W naszym ko\u015bciele Msza \u015awi\u0119ta w intencji chorych b\u0119dzie sprawowana we wtorek o godz. 10.00. Przed Eucharysti\u0105 b\u0119dziemy modli\u0107 si\u0119 na r\u00f3\u017ca\u0144cu.<\/li>\n<li>W pi\u0105tek, 14 lutego, obchodzimy \u015bwi\u0119to \u015awi\u0119tych Cyryla i Metodego \u2013 Patron\u00f3w Europy. \u017byli w IX wieku, pochodzili z miasta Saloniki w Cesarstwie Bizanty\u0144skim. Znali wiele j\u0119zyk\u00f3w, dzi\u0119ki czemu podj\u0119li wiele udanych wypraw misyjnych, mi\u0119dzy innymi do Bu\u0142garii i na Morawy. Wprowadzili do liturgii j\u0119zyk s\u0142owia\u0144ski, pisany przystosowanym alfabetem greckim, u\u017cywany w Ko\u015bcio\u0142ach wschodnich do dzi\u015b. Cyryl przet\u0142umaczy\u0142 na ten j\u0119zyk Pismo \u015awi\u0119te. W 1980 roku papie\u017c Jan Pawe\u0142 II og\u0142osi\u0142 \u015awi\u0119tych Cyryla i Metodego wsp\u00f3\u0142patronami Europy.<\/li>\n<li>W \u015bwi\u0119to Cyryla i Metodego modlimy si\u0119 za narody s\u0142owia\u0144skie. Pami\u0119tajmy, \u017ce Ko\u015bci\u00f3\u0142 jest jeden, cho\u0107 od wiek\u00f3w gromadzi r\u00f3\u017cne narody, tradycje i obrz\u0105dki.<\/li>\n<li>Tego samego dnia tradycja wspomina \u015awi\u0119tego Walentego, kap\u0142ana rzymskiego, kt\u00f3ry w\u00a0269 roku poni\u00f3s\u0142 \u015bmier\u0107 m\u0119cze\u0144sk\u0105, gdy\u017c mimo tortur nie chcia\u0142 wyrzec si\u0119 Chrystusa. Wspominany jest jako mi\u0119dzy innymi patron zakochanych. Niech to b\u0119dzie okazja tak\u017ce do modlitwy, podzi\u0119kowania Panu Bogu za mi\u0142o\u015b\u0107, kt\u00f3r\u0105 nas obdarzy\u0142, i za bliskich, kt\u00f3rzy nas kochaj\u0105. Pami\u0119tajmy te\u017c o narzeczonych z naszej wsp\u00f3lnoty parafialnej i pro\u015bmy, aby ich wzajemna mi\u0142o\u015b\u0107 umacnia\u0142a si\u0119 i aby z Bogiem weszli na wsp\u00f3ln\u0105 drog\u0119 \u017cycia.<\/li>\n<li>Zach\u0119cam do nabycia prasy katolickiej.<\/li>\n<li>W tym tygodniu z naszej wsp\u00f3lnoty odeszli do wieczno\u015bci: + Tadeusz Bluszcz (87 l.).i + Henryk Karwowski (88 l). Od uczestnik\u00f3w pogrzebu za zmar\u0142ego Tadeusza b\u0119dzie odprawionych 15 Mszy \u015awi\u0119tych, a za + Henryka 8. Zmar\u0142ych parafian pole\u0107my mi\u0142osierdziu Bo\u017cemu: <em>Dobry Jezu, a nasz Panie, daj im wieczne spoczywanie\u2026<\/em><\/li>\n<\/ol>\n<p>&nbsp;<\/p>\n","protected":false},"excerpt":{"rendered":"<p>OG\u0141OSZENIA DUSZPASTERSKIE We wtorek, 11 lutego, przypada liturgiczne wspomnienie Naj\u015bwi\u0119tszej Maryi Panny z\u00a0Lourdes. Dok\u0142adnie tego dnia w 1858 roku, cztery lata po og\u0142oszeniu dogmatu o\u00a0Niepokalanym Pocz\u0119ciu, Matka Naj\u015bwi\u0119tsza objawi\u0142a si\u0119 ubogiej pasterce, Bernadecie Soubirous w Grocie Massabielskiej. Wzywa\u0142a do modlitwy oraz pokuty. Lourdes zas\u0142yn\u0119\u0142o z\u00a0licznych nawr\u00f3ce\u0144 i uzdrowie\u0144, staj\u0105c si\u0119 w kr\u00f3tkim czasie centrum kultu &hellip; <\/p>\n<p><a class=\"more-link btn\" href=\"https:\/\/parafiasmardzewo.pl\/?p=9905\">Kontynuuj czytanie<\/a><\/p>\n","protected":false},"author":2,"featured_media":4017,"comment_status":"open","ping_status":"open","sticky":false,"template":"","format":"standard","meta":[],"categories":[2],"tags":[],"_links":{"self":[{"href":"https:\/\/parafiasmardzewo.pl\/index.php?rest_route=\/wp\/v2\/posts\/9905"}],"collection":[{"href":"https:\/\/parafiasmardzewo.pl\/index.php?rest_route=\/wp\/v2\/posts"}],"about":[{"href":"https:\/\/parafiasmardzewo.pl\/index.php?rest_route=\/wp\/v2\/types\/post"}],"author":[{"embeddable":true,"href":"https:\/\/parafiasmardzewo.pl\/index.php?rest_route=\/wp\/v2\/users\/2"}],"replies":[{"embeddable":true,"href":"https:\/\/parafiasmardzewo.pl\/index.php?rest_route=%2Fwp%2Fv2%2Fcomments&post=9905"}],"version-history":[{"count":1,"href":"https:\/\/parafiasmardzewo.pl\/index.php?rest_route=\/wp\/v2\/posts\/9905\/revisions"}],"predecessor-version":[{"id":9906,"href":"https:\/\/parafiasmardzewo.pl\/index.php?rest_route=\/wp\/v2\/posts\/9905\/revisions\/9906"}],"wp:featuredmedia":[{"embeddable":true,"href":"https:\/\/parafiasmardzewo.pl\/index.php?rest_route=\/wp\/v2\/media\/4017"}],"wp:attachment":[{"href":"https:\/\/parafiasmardzewo.pl\/index.php?rest_route=%2Fwp%2Fv2%2Fmedia&parent=9905"}],"wp:term":[{"taxonomy":"category","embeddable":true,"href":"https:\/\/parafiasmardzewo.pl\/index.php?rest_route=%2Fwp%2Fv2%2Fcategories&post=9905"},{"taxonomy":"post_tag","embeddable":true,"href":"https:\/\/parafiasmardzewo.pl\/index.php?rest_route=%2Fwp%2Fv2%2Ftags&post=9905"}],"curies":[{"name":"wp","href":"https:\/\/api.w.org\/{rel}","templated":true}]}}