{"id":9907,"date":"2025-02-08T21:13:01","date_gmt":"2025-02-08T20:13:01","guid":{"rendered":"https:\/\/parafiasmardzewo.pl\/?p=9907"},"modified":"2025-02-08T21:13:01","modified_gmt":"2025-02-08T20:13:01","slug":"msze-swiete-od-10-16-lutego-2025-roku","status":"publish","type":"post","link":"https:\/\/parafiasmardzewo.pl\/?p=9907","title":{"rendered":"Msze \u015awi\u0119te od 10 &#8211; 16 lutego 2025 roku"},"content":{"rendered":"<p><strong>Poniedzia\u0142ek<\/strong><\/p>\n<p><strong>godz. 7.30 +\u00a0 <\/strong>Stanis\u0142aw Miecznikowski &#8211; gregorianka<\/p>\n<p><strong>godz. 16.00 <\/strong>O \u0142ask\u0119 zdrowia dla Anastazji Mochtak<\/p>\n<p><strong>Wtorek<\/strong><\/p>\n<p><strong>godz. 7.30 +\u00a0 <\/strong>gregorianka<\/p>\n<p><strong>godz. <\/strong>9.40 R\u00f3\u017caniec<\/p>\n<p><strong>godz. 10.00 <\/strong>W intencji chorych i tych, kt\u00f3rzy opiekuj\u0105 si\u0119 chorymi<strong> \u00a0<\/strong><\/p>\n<p><strong>\u015aroda <\/strong><\/p>\n<p><strong>godz. 7.30 + <\/strong>gregorianka<\/p>\n<p><strong>godz. 16. 00 <\/strong>Dzi\u0119kczynno-b\u0142agalna w intencji Kacpra, Zofii i Bartosza<\/p>\n<p><strong>Czwartek<\/strong><\/p>\n<p><strong>godz. 7.30 + <\/strong>gregorianka<\/p>\n<p><strong>godz. 16.00 +<\/strong> \u00a0El\u017cbieta i Mieczys\u0142aw\u00a0 \u017bbikowscy i J\u00f3zef Budziszewski<\/p>\n<p><strong>Pi\u0105tek<\/strong><\/p>\n<p><strong>godz. 7.30 <\/strong>+ gregorianka<\/p>\n<p><strong>godz. 16.00 + <\/strong>rodzic\u00f3w Koci\u0144skich<\/p>\n<p><strong>Sobota<\/strong><\/p>\n<p><strong>godz. 7.30 +\u00a0 <\/strong>gregorianka<\/p>\n<p><strong>godz. 16.00 + <\/strong>\u00a0Bogumi\u0142 Wi\u015bniewski; 2) W intencji parafian i go\u015bci<\/p>\n<p><strong>Niedziela<\/strong><\/p>\n<p><strong>godz. 9.00<\/strong> + Krystyna, Grzegorz i Jan Bandych; 2) + gregorianka<\/p>\n<p><strong>godz. 10.45 <\/strong>+ Barbara Wronecka \u2013 rocznica \u015bmierci (4); 2) + Bogumi\u0142a Komorowska \u2013 rocznica \u015bmierci (2)<\/p>\n<p><strong>W styczniu i lutym nie jest sprawowana w niedziele\u00a0 Msza \u015awi\u0119ta o godz. 16.00. Natomiast w sobot\u0119 o godz. 16.00 jest sprawowana Msza \u015awi\u0119ta z niedzieli<\/strong><\/p>\n","protected":false},"excerpt":{"rendered":"<p>Poniedzia\u0142ek godz. 7.30 +\u00a0 Stanis\u0142aw Miecznikowski &#8211; gregorianka godz. 16.00 O \u0142ask\u0119 zdrowia dla Anastazji Mochtak Wtorek godz. 7.30 +\u00a0 gregorianka godz. 9.40 R\u00f3\u017caniec godz. 10.00 W intencji chorych i tych, kt\u00f3rzy opiekuj\u0105 si\u0119 chorymi \u00a0 \u015aroda godz. 7.30 + gregorianka godz. 16. 00 Dzi\u0119kczynno-b\u0142agalna w intencji Kacpra, Zofii i Bartosza Czwartek godz. 7.30 + &hellip; <\/p>\n<p><a class=\"more-link btn\" href=\"https:\/\/parafiasmardzewo.pl\/?p=9907\">Kontynuuj czytanie<\/a><\/p>\n","protected":false},"author":2,"featured_media":9464,"comment_status":"open","ping_status":"open","sticky":false,"template":"","format":"standard","meta":[],"categories":[5],"tags":[],"_links":{"self":[{"href":"https:\/\/parafiasmardzewo.pl\/index.php?rest_route=\/wp\/v2\/posts\/9907"}],"collection":[{"href":"https:\/\/parafiasmardzewo.pl\/index.php?rest_route=\/wp\/v2\/posts"}],"about":[{"href":"https:\/\/parafiasmardzewo.pl\/index.php?rest_route=\/wp\/v2\/types\/post"}],"author":[{"embeddable":true,"href":"https:\/\/parafiasmardzewo.pl\/index.php?rest_route=\/wp\/v2\/users\/2"}],"replies":[{"embeddable":true,"href":"https:\/\/parafiasmardzewo.pl\/index.php?rest_route=%2Fwp%2Fv2%2Fcomments&post=9907"}],"version-history":[{"count":1,"href":"https:\/\/parafiasmardzewo.pl\/index.php?rest_route=\/wp\/v2\/posts\/9907\/revisions"}],"predecessor-version":[{"id":9908,"href":"https:\/\/parafiasmardzewo.pl\/index.php?rest_route=\/wp\/v2\/posts\/9907\/revisions\/9908"}],"wp:featuredmedia":[{"embeddable":true,"href":"https:\/\/parafiasmardzewo.pl\/index.php?rest_route=\/wp\/v2\/media\/9464"}],"wp:attachment":[{"href":"https:\/\/parafiasmardzewo.pl\/index.php?rest_route=%2Fwp%2Fv2%2Fmedia&parent=9907"}],"wp:term":[{"taxonomy":"category","embeddable":true,"href":"https:\/\/parafiasmardzewo.pl\/index.php?rest_route=%2Fwp%2Fv2%2Fcategories&post=9907"},{"taxonomy":"post_tag","embeddable":true,"href":"https:\/\/parafiasmardzewo.pl\/index.php?rest_route=%2Fwp%2Fv2%2Ftags&post=9907"}],"curies":[{"name":"wp","href":"https:\/\/api.w.org\/{rel}","templated":true}]}}