{"id":9910,"date":"2025-02-15T20:43:36","date_gmt":"2025-02-15T19:43:36","guid":{"rendered":"https:\/\/parafiasmardzewo.pl\/?p=9910"},"modified":"2025-02-15T20:43:36","modified_gmt":"2025-02-15T19:43:36","slug":"szosta-niedziela-w-ciagu-roku-16-lutego-2025","status":"publish","type":"post","link":"https:\/\/parafiasmardzewo.pl\/?p=9910","title":{"rendered":"SZ\u00d3STA NIEDZIELA W CI\u0104GU ROKU &#8211; 16 lutego 2025"},"content":{"rendered":"<p><strong>OG\u0141OSZENIA DUSZPASTERSKIE<\/strong><\/p>\n<ol>\n<li>W Ko\u015bciele powszechnym w ramach Roku Jubileuszowego 2025 w dniach 16 do 18 lutego b\u0119dzie trwa\u0142 Jubileusz Artyst\u00f3w, za\u015b w dniach 21 do 23 lutego \u2013 Jubileusz Diakon\u00f3w Sta\u0142ych.<\/li>\n<li>W sobot\u0119, 22 lutego, w kalendarzu liturgicznym przypada \u015bwi\u0119to Katedry \u015awi\u0119tego Piotra Aposto\u0142a. Ju\u017c od IV wieku wierni Rzymu obchodzili pami\u0105tk\u0119 za\u0142o\u017cenia gminy chrze\u015bcija\u0144skiej i obrania Wiecznego Miasta przez \u015awi\u0119tego Piotra Aposto\u0142a na stolic\u0119 Ko\u015bcio\u0142a Chrystusowego. Symbolem w\u0142adzy Piotrowej sta\u0142a si\u0119 pot\u0119\u017cna bazylika, wzniesiona w XVII wieku nad grobem pierwszego biskupa Rzymu. \u015awi\u0119to to jest przede wszystkim okazj\u0105 do wyra\u017cenia czci \u015awi\u0119temu Piotrowi i ka\u017cdemu jego nast\u0119pcy, kt\u00f3rzy zgodnie z wol\u0105 Chrystusa zostali postawieni jako pasterze ca\u0142ego Ko\u015bcio\u0142a powszechnego. Pami\u0119tajmy w\u00a0naszych modlitwach o papie\u017cu Franciszku. Naszym obowi\u0105zkiem jest wspiera\u0107 jego pastersk\u0105 pos\u0142ug\u0119 w niesieniu Ewangelii wszystkim narodom.<\/li>\n<li>22 lutego 1931 roku s. Faustyna Kowalska ze Zgromadzenia Si\u00f3str Matki Bo\u017cej Mi\u0142osierdzia, w swojej celi w P\u0142ocku po raz pierwszy ujrza\u0142a Jezusa Mi\u0142osiernego, w obrazie \u201eJezu ufam Tobie\u201d. Ka\u017cdego roku rocznica tego wydarzenia jest uroczy\u015bcie obchodzona w P\u0142ocku.<\/li>\n<li>Od nast\u0119pnej niedzieli (23 lutego), po Mszy \u015awi\u0119tej o godz. 9.00, b\u0119d\u0105 spotkania z dzie\u0107mi klasy III i IV.<\/li>\n<li>Zach\u0119cam do nabycia prasy katolickiej.<\/li>\n<li>W tym tygodniu z naszej wsp\u00f3lnoty odszed\u0142 do wieczno\u015bci + Tadeusz Cuber, kt\u00f3ry prze\u017cy\u0142 75 lat. Od uczestnik\u00f3w pogrzebu b\u0119dzie 11 Mszy \u015awi\u0119tych. Zmar\u0142ych parafian pole\u0107my mi\u0142osierdziu Bo\u017cemu: <em>Dobry Jezu, a nasz Panie, daj im wieczne spoczywanie\u2026<\/em><\/li>\n<\/ol>\n","protected":false},"excerpt":{"rendered":"<p>OG\u0141OSZENIA DUSZPASTERSKIE W Ko\u015bciele powszechnym w ramach Roku Jubileuszowego 2025 w dniach 16 do 18 lutego b\u0119dzie trwa\u0142 Jubileusz Artyst\u00f3w, za\u015b w dniach 21 do 23 lutego \u2013 Jubileusz Diakon\u00f3w Sta\u0142ych. W sobot\u0119, 22 lutego, w kalendarzu liturgicznym przypada \u015bwi\u0119to Katedry \u015awi\u0119tego Piotra Aposto\u0142a. Ju\u017c od IV wieku wierni Rzymu obchodzili pami\u0105tk\u0119 za\u0142o\u017cenia gminy chrze\u015bcija\u0144skiej &hellip; <\/p>\n<p><a class=\"more-link btn\" href=\"https:\/\/parafiasmardzewo.pl\/?p=9910\">Kontynuuj czytanie<\/a><\/p>\n","protected":false},"author":2,"featured_media":4017,"comment_status":"open","ping_status":"open","sticky":false,"template":"","format":"standard","meta":[],"categories":[2],"tags":[],"_links":{"self":[{"href":"https:\/\/parafiasmardzewo.pl\/index.php?rest_route=\/wp\/v2\/posts\/9910"}],"collection":[{"href":"https:\/\/parafiasmardzewo.pl\/index.php?rest_route=\/wp\/v2\/posts"}],"about":[{"href":"https:\/\/parafiasmardzewo.pl\/index.php?rest_route=\/wp\/v2\/types\/post"}],"author":[{"embeddable":true,"href":"https:\/\/parafiasmardzewo.pl\/index.php?rest_route=\/wp\/v2\/users\/2"}],"replies":[{"embeddable":true,"href":"https:\/\/parafiasmardzewo.pl\/index.php?rest_route=%2Fwp%2Fv2%2Fcomments&post=9910"}],"version-history":[{"count":1,"href":"https:\/\/parafiasmardzewo.pl\/index.php?rest_route=\/wp\/v2\/posts\/9910\/revisions"}],"predecessor-version":[{"id":9911,"href":"https:\/\/parafiasmardzewo.pl\/index.php?rest_route=\/wp\/v2\/posts\/9910\/revisions\/9911"}],"wp:featuredmedia":[{"embeddable":true,"href":"https:\/\/parafiasmardzewo.pl\/index.php?rest_route=\/wp\/v2\/media\/4017"}],"wp:attachment":[{"href":"https:\/\/parafiasmardzewo.pl\/index.php?rest_route=%2Fwp%2Fv2%2Fmedia&parent=9910"}],"wp:term":[{"taxonomy":"category","embeddable":true,"href":"https:\/\/parafiasmardzewo.pl\/index.php?rest_route=%2Fwp%2Fv2%2Fcategories&post=9910"},{"taxonomy":"post_tag","embeddable":true,"href":"https:\/\/parafiasmardzewo.pl\/index.php?rest_route=%2Fwp%2Fv2%2Ftags&post=9910"}],"curies":[{"name":"wp","href":"https:\/\/api.w.org\/{rel}","templated":true}]}}