{"id":9912,"date":"2025-02-15T21:16:16","date_gmt":"2025-02-15T20:16:16","guid":{"rendered":"https:\/\/parafiasmardzewo.pl\/?p=9912"},"modified":"2025-02-15T21:16:16","modified_gmt":"2025-02-15T20:16:16","slug":"msze-swiete-od-17-23-lutego-2025-roku","status":"publish","type":"post","link":"https:\/\/parafiasmardzewo.pl\/?p=9912","title":{"rendered":"Msze \u015awi\u0119te od 17 &#8211; 23 lutego 2025 roku"},"content":{"rendered":"<p><strong>Poniedzia\u0142ek<\/strong><\/p>\n<p><strong>godz. 7.30 +\u00a0 <\/strong>Stanis\u0142aw Miecznikowski &#8211; gregorianka<\/p>\n<p><strong>godz. 16.00 <\/strong>+ Czes\u0142aw i Marta Matczak<\/p>\n<p><strong>Wtorek<\/strong><\/p>\n<p><strong>godz. 7.30 +\u00a0 <\/strong>gregorianka<\/p>\n<p><strong>godz. 16.00 <\/strong>+ Wanda Nowicka \u2013 int. p.<\/p>\n<p><strong>\u015aroda <\/strong><\/p>\n<p><strong>godz. 16.00 + <\/strong>gregorianka<\/p>\n<p><strong>Czwartek<\/strong><\/p>\n<p><strong>godz. 16.00 + <\/strong>gregorianka<\/p>\n<p><strong>Pi\u0105tek<\/strong><\/p>\n<p><strong>godz. 7.30 <\/strong>+ gregorianka<\/p>\n<p><strong>godz. 16.00 + <\/strong>\u00a0Marek Kwiatkowski \u2013 int. p.<\/p>\n<p><strong>Sobota<\/strong><\/p>\n<p><strong>godz. 7.30 +\u00a0 <\/strong>gregorianka<\/p>\n<p><strong>godz. 16.00\u00a0 <\/strong>\u00a0Dzi\u0119kczynna i Bo\u017ce b\u0142ogos\u0142awie\u0144stwo dla P. Lilli Kwiatkowskiej w rocznic\u0119 urodzin 2) W intencji parafian i go\u015bci<\/p>\n<p><strong>Niedziela<\/strong><\/p>\n<p><strong>godz. 9.00<\/strong> + Stanis\u0142aw D\u0142ugoszewski \u2013 rocznica \u015bmierci (11); 2) + gregorianka<\/p>\n<p><strong>godz. 10.45 <\/strong>+ \u00a0Ma\u0142gorzata Lewicka \u2013 rocznica \u015bmierci (1); 2) + Zdzis\u0142aw i Boles\u0142awa (k) Morawscy<\/p>\n<p><strong>W styczniu i lutym nie jest sprawowana w niedziele\u00a0 Msza \u015awi\u0119ta o godz. 16.00. Natomiast w sobot\u0119 o godz. 16.00 jest sprawowana Msza \u015awi\u0119ta z niedzieli<\/strong><\/p>\n","protected":false},"excerpt":{"rendered":"<p>Poniedzia\u0142ek godz. 7.30 +\u00a0 Stanis\u0142aw Miecznikowski &#8211; gregorianka godz. 16.00 + Czes\u0142aw i Marta Matczak Wtorek godz. 7.30 +\u00a0 gregorianka godz. 16.00 + Wanda Nowicka \u2013 int. p. \u015aroda godz. 16.00 + gregorianka Czwartek godz. 16.00 + gregorianka Pi\u0105tek godz. 7.30 + gregorianka godz. 16.00 + \u00a0Marek Kwiatkowski \u2013 int. p. Sobota godz. 7.30 +\u00a0 &hellip; <\/p>\n<p><a class=\"more-link btn\" href=\"https:\/\/parafiasmardzewo.pl\/?p=9912\">Kontynuuj czytanie<\/a><\/p>\n","protected":false},"author":2,"featured_media":8856,"comment_status":"open","ping_status":"open","sticky":false,"template":"","format":"standard","meta":[],"categories":[5],"tags":[],"_links":{"self":[{"href":"https:\/\/parafiasmardzewo.pl\/index.php?rest_route=\/wp\/v2\/posts\/9912"}],"collection":[{"href":"https:\/\/parafiasmardzewo.pl\/index.php?rest_route=\/wp\/v2\/posts"}],"about":[{"href":"https:\/\/parafiasmardzewo.pl\/index.php?rest_route=\/wp\/v2\/types\/post"}],"author":[{"embeddable":true,"href":"https:\/\/parafiasmardzewo.pl\/index.php?rest_route=\/wp\/v2\/users\/2"}],"replies":[{"embeddable":true,"href":"https:\/\/parafiasmardzewo.pl\/index.php?rest_route=%2Fwp%2Fv2%2Fcomments&post=9912"}],"version-history":[{"count":1,"href":"https:\/\/parafiasmardzewo.pl\/index.php?rest_route=\/wp\/v2\/posts\/9912\/revisions"}],"predecessor-version":[{"id":9913,"href":"https:\/\/parafiasmardzewo.pl\/index.php?rest_route=\/wp\/v2\/posts\/9912\/revisions\/9913"}],"wp:featuredmedia":[{"embeddable":true,"href":"https:\/\/parafiasmardzewo.pl\/index.php?rest_route=\/wp\/v2\/media\/8856"}],"wp:attachment":[{"href":"https:\/\/parafiasmardzewo.pl\/index.php?rest_route=%2Fwp%2Fv2%2Fmedia&parent=9912"}],"wp:term":[{"taxonomy":"category","embeddable":true,"href":"https:\/\/parafiasmardzewo.pl\/index.php?rest_route=%2Fwp%2Fv2%2Fcategories&post=9912"},{"taxonomy":"post_tag","embeddable":true,"href":"https:\/\/parafiasmardzewo.pl\/index.php?rest_route=%2Fwp%2Fv2%2Ftags&post=9912"}],"curies":[{"name":"wp","href":"https:\/\/api.w.org\/{rel}","templated":true}]}}