{"id":9914,"date":"2025-02-22T21:19:18","date_gmt":"2025-02-22T20:19:18","guid":{"rendered":"https:\/\/parafiasmardzewo.pl\/?p=9914"},"modified":"2025-02-22T21:19:18","modified_gmt":"2025-02-22T20:19:18","slug":"msze-swiete-od-24-ii-2-iii-2025-roku","status":"publish","type":"post","link":"https:\/\/parafiasmardzewo.pl\/?p=9914","title":{"rendered":"Msze \u015awi\u0119te od 24 II &#8211; 2 III 2025 roku"},"content":{"rendered":"<p><strong>Poniedzia\u0142ek<\/strong><\/p>\n<p><strong>godz. 7.30 +\u00a0 <\/strong>Stanis\u0142aw Miecznikowski &#8211; gregorianka<\/p>\n<p><strong>godz. 16.00 <\/strong>+ Henryk, Stanis\u0142awa i Ireneusz Szyma\u0144scy<\/p>\n<p><strong>Wtorek<\/strong><\/p>\n<p><strong>godz. 8.00 +\u00a0 <\/strong>gregorianka<\/p>\n<p><strong>\u015aroda <\/strong><\/p>\n<p><strong>godz. 15.30 + <\/strong>gregorianka<\/p>\n<p><strong>godz. 17.00<\/strong> W intencji Ojczyzny za przyczyn\u0105 \u015bw. Andrzeja Boboli i \u015bw. Stanis\u0142awa Kostki<\/p>\n<p><strong>Czwartek<\/strong><\/p>\n<p><strong>godz. 15.00 + <\/strong>gregorianka<\/p>\n<p><strong>godz. 16.00<\/strong> Dzi\u0119kczynna\u00a0 w 40. rocznic\u0119\u00a0 urodzin Piotra z pro\u015bb\u0105 o Bo\u017ce b\u0142ogos\u0142awie\u0144stwo dla ca\u0142ej rodziny<\/p>\n<p><strong>Pi\u0105tek<\/strong><\/p>\n<p><strong>godz. 7.30 <\/strong>+ gregorianka<\/p>\n<p><strong>godz. 16.00 + <\/strong>\u00a0Antoni Szt\u0119gierski \u00a0\u2013 int. p.<\/p>\n<p><strong>Sobota<\/strong><\/p>\n<p><strong>godz. 7.30 +\u00a0 <\/strong>gregorianka<\/p>\n<p><strong>godz. 9.00\u00a0 <\/strong>O zdrowie i Bo\u017ce b\u0142ogos\u0142awie\u0144stwo dla Natalii w 8. rocznic\u0119 urodzin i mamy Emilii<\/p>\n<p><strong>godz. 16.00<\/strong> Dzi\u0119kczynna i o Bo\u017ce b\u0142ogos\u0142awie\u0144stwo dla El\u017cbiety Osi\u0144skiej w 90. rocznic\u0119 urodzin<\/p>\n<p><strong>godz. 17.00<\/strong> W intencji Ojczyzny za wstawiennictwem \u015bw. Andrzeja Boboli i \u015bw. Stanis\u0142awa Kostki<\/p>\n<p><strong>Niedziela<\/strong><\/p>\n<p><strong>godz. 9.00<\/strong> \u00a0+ gregorianka; 2) + Czes\u0142aw Za\u0142\u0119cki\u00a0 &#8211; rocznica \u015bmierci (1)<\/p>\n<p><strong>godz. 10.45 <\/strong>W intencji Ojczyzny; 2) + Zdzis\u0142aw i Marianna Brzezi\u0144scy, Tomasz Gozdan<\/p>\n<p><strong>godz. 16.00 <\/strong>Dzi\u0119kczynna i o Bo\u017ce b\u0142ogos\u0142awie\u0144stwo dla Kazimierza Smogorzewskiego w 90. rocznic\u0119 urodzin; 2) + Jan, Felicja, Ryszard, Henryk i Jaros\u0142aw Kosobudzccy<\/p>\n<p>&nbsp;<\/p>\n<p>&nbsp;<\/p>\n","protected":false},"excerpt":{"rendered":"<p>Poniedzia\u0142ek godz. 7.30 +\u00a0 Stanis\u0142aw Miecznikowski &#8211; gregorianka godz. 16.00 + Henryk, Stanis\u0142awa i Ireneusz Szyma\u0144scy Wtorek godz. 8.00 +\u00a0 gregorianka \u015aroda godz. 15.30 + gregorianka godz. 17.00 W intencji Ojczyzny za przyczyn\u0105 \u015bw. Andrzeja Boboli i \u015bw. Stanis\u0142awa Kostki Czwartek godz. 15.00 + gregorianka godz. 16.00 Dzi\u0119kczynna\u00a0 w 40. rocznic\u0119\u00a0 urodzin Piotra z pro\u015bb\u0105 &hellip; <\/p>\n<p><a class=\"more-link btn\" href=\"https:\/\/parafiasmardzewo.pl\/?p=9914\">Kontynuuj czytanie<\/a><\/p>\n","protected":false},"author":2,"featured_media":8248,"comment_status":"open","ping_status":"open","sticky":false,"template":"","format":"standard","meta":[],"categories":[5],"tags":[],"_links":{"self":[{"href":"https:\/\/parafiasmardzewo.pl\/index.php?rest_route=\/wp\/v2\/posts\/9914"}],"collection":[{"href":"https:\/\/parafiasmardzewo.pl\/index.php?rest_route=\/wp\/v2\/posts"}],"about":[{"href":"https:\/\/parafiasmardzewo.pl\/index.php?rest_route=\/wp\/v2\/types\/post"}],"author":[{"embeddable":true,"href":"https:\/\/parafiasmardzewo.pl\/index.php?rest_route=\/wp\/v2\/users\/2"}],"replies":[{"embeddable":true,"href":"https:\/\/parafiasmardzewo.pl\/index.php?rest_route=%2Fwp%2Fv2%2Fcomments&post=9914"}],"version-history":[{"count":1,"href":"https:\/\/parafiasmardzewo.pl\/index.php?rest_route=\/wp\/v2\/posts\/9914\/revisions"}],"predecessor-version":[{"id":9915,"href":"https:\/\/parafiasmardzewo.pl\/index.php?rest_route=\/wp\/v2\/posts\/9914\/revisions\/9915"}],"wp:featuredmedia":[{"embeddable":true,"href":"https:\/\/parafiasmardzewo.pl\/index.php?rest_route=\/wp\/v2\/media\/8248"}],"wp:attachment":[{"href":"https:\/\/parafiasmardzewo.pl\/index.php?rest_route=%2Fwp%2Fv2%2Fmedia&parent=9914"}],"wp:term":[{"taxonomy":"category","embeddable":true,"href":"https:\/\/parafiasmardzewo.pl\/index.php?rest_route=%2Fwp%2Fv2%2Fcategories&post=9914"},{"taxonomy":"post_tag","embeddable":true,"href":"https:\/\/parafiasmardzewo.pl\/index.php?rest_route=%2Fwp%2Fv2%2Ftags&post=9914"}],"curies":[{"name":"wp","href":"https:\/\/api.w.org\/{rel}","templated":true}]}}