{"id":9916,"date":"2025-02-22T21:24:21","date_gmt":"2025-02-22T20:24:21","guid":{"rendered":"https:\/\/parafiasmardzewo.pl\/?p=9916"},"modified":"2025-02-22T21:24:53","modified_gmt":"2025-02-22T20:24:53","slug":"siodma-niedziela-w-ciagu-roku-23-lutego-2025","status":"publish","type":"post","link":"https:\/\/parafiasmardzewo.pl\/?p=9916","title":{"rendered":"SI\u00d3DMA NIEDZIELA W CI\u0104GU ROKU &#8211; 23 lutego 2025"},"content":{"rendered":"<p><strong>OG\u0141OSZENIA DUSZPASTERSKIE<\/strong><\/p>\n<ol>\n<li>Dzisiaj, po Mszy \u015awi\u0119tej o godz. 9.00 b\u0119dzie spotkanie z dzie\u0107mi kl. III i IV, kt\u00f3rzy przygotowuj\u0105 si\u0119 do pierwszej Komunii \u015awi\u0119tej i Odnowienia Przyrzecze\u0144 Chrzcielnych.<\/li>\n<li>Dzisiaj te\u017c w Ko\u015bciele powszechnym w ramach Roku Jubileuszowego ko\u0144czy si\u0119 Jubileusz Diakon\u00f3w Sta\u0142ych.<\/li>\n<li>W nadchodz\u0105cym tygodniu, 1 marca, przypada pierwsza sobota miesi\u0105ca.<\/li>\n<li>Jednocze\u015bnie w t\u0119 przysz\u0142\u0105 sobot\u0119 b\u0119dziemy obchodzili Narodowy Dzie\u0144 Pami\u0119ci \u201e\u017bo\u0142nierzy Wykl\u0119tych\u201d, kt\u00f3ry od 2011 roku jest \u015bwi\u0119tem pa\u0144stwowym. Dzie\u0144 ten zosta\u0142 ustanowiony dla upami\u0119tnienia \u017co\u0142nierzy antykomunistycznego i niepodleg\u0142o\u015bciowego podziemia. W naszej modlitwie pami\u0119tajmy o wszystkich, kt\u00f3rzy w trudnych czasach komunistycznego re\u017cimu podejmowali walk\u0119 o wolno\u015b\u0107 i suwerenno\u015b\u0107 naszej Ojczyzny.<\/li>\n<li>Od nast\u0119pnej niedzieli ( 2 marca) Msze \u015awi\u0119te b\u0119d\u0105 sprawowane wed\u0142ug nast\u0119puj\u0105cego porz\u0105dku: <strong> 9.00 \u2013 10.45 \u2013 16.00.<\/strong><\/li>\n<li>Zach\u0119cam do nabycia prasy katolickiej.<\/li>\n<\/ol>\n<p>&nbsp;<\/p>\n<p>&nbsp;<\/p>\n","protected":false},"excerpt":{"rendered":"<p>OG\u0141OSZENIA DUSZPASTERSKIE Dzisiaj, po Mszy \u015awi\u0119tej o godz. 9.00 b\u0119dzie spotkanie z dzie\u0107mi kl. III i IV, kt\u00f3rzy przygotowuj\u0105 si\u0119 do pierwszej Komunii \u015awi\u0119tej i Odnowienia Przyrzecze\u0144 Chrzcielnych. Dzisiaj te\u017c w Ko\u015bciele powszechnym w ramach Roku Jubileuszowego ko\u0144czy si\u0119 Jubileusz Diakon\u00f3w Sta\u0142ych. W nadchodz\u0105cym tygodniu, 1 marca, przypada pierwsza sobota miesi\u0105ca. Jednocze\u015bnie w t\u0119 przysz\u0142\u0105 &hellip; <\/p>\n<p><a class=\"more-link btn\" href=\"https:\/\/parafiasmardzewo.pl\/?p=9916\">Kontynuuj czytanie<\/a><\/p>\n","protected":false},"author":2,"featured_media":5378,"comment_status":"open","ping_status":"open","sticky":false,"template":"","format":"standard","meta":[],"categories":[2],"tags":[],"_links":{"self":[{"href":"https:\/\/parafiasmardzewo.pl\/index.php?rest_route=\/wp\/v2\/posts\/9916"}],"collection":[{"href":"https:\/\/parafiasmardzewo.pl\/index.php?rest_route=\/wp\/v2\/posts"}],"about":[{"href":"https:\/\/parafiasmardzewo.pl\/index.php?rest_route=\/wp\/v2\/types\/post"}],"author":[{"embeddable":true,"href":"https:\/\/parafiasmardzewo.pl\/index.php?rest_route=\/wp\/v2\/users\/2"}],"replies":[{"embeddable":true,"href":"https:\/\/parafiasmardzewo.pl\/index.php?rest_route=%2Fwp%2Fv2%2Fcomments&post=9916"}],"version-history":[{"count":2,"href":"https:\/\/parafiasmardzewo.pl\/index.php?rest_route=\/wp\/v2\/posts\/9916\/revisions"}],"predecessor-version":[{"id":9918,"href":"https:\/\/parafiasmardzewo.pl\/index.php?rest_route=\/wp\/v2\/posts\/9916\/revisions\/9918"}],"wp:featuredmedia":[{"embeddable":true,"href":"https:\/\/parafiasmardzewo.pl\/index.php?rest_route=\/wp\/v2\/media\/5378"}],"wp:attachment":[{"href":"https:\/\/parafiasmardzewo.pl\/index.php?rest_route=%2Fwp%2Fv2%2Fmedia&parent=9916"}],"wp:term":[{"taxonomy":"category","embeddable":true,"href":"https:\/\/parafiasmardzewo.pl\/index.php?rest_route=%2Fwp%2Fv2%2Fcategories&post=9916"},{"taxonomy":"post_tag","embeddable":true,"href":"https:\/\/parafiasmardzewo.pl\/index.php?rest_route=%2Fwp%2Fv2%2Ftags&post=9916"}],"curies":[{"name":"wp","href":"https:\/\/api.w.org\/{rel}","templated":true}]}}