{"id":9920,"date":"2025-03-01T21:20:19","date_gmt":"2025-03-01T20:20:19","guid":{"rendered":"https:\/\/parafiasmardzewo.pl\/?p=9920"},"modified":"2025-03-01T21:26:52","modified_gmt":"2025-03-01T20:26:52","slug":"osma-niedziela-w-ciagu-roku-2-marca-2025","status":"publish","type":"post","link":"https:\/\/parafiasmardzewo.pl\/?p=9920","title":{"rendered":"\u00d3SMA NIEDZIELA W CI\u0104GU ROKU &#8211; 2 marca 2025"},"content":{"rendered":"<p><strong>OG\u0141OSZENIA DUSZPASTERSKIE<\/strong><\/p>\n<ol>\n<li>Dzisiaj po Eucharystii o godz. 9.00 b\u0119dzie spotkanie z dzie\u0107mi kl. III i IV przygotowuj\u0105ce do Pierwszej Komunii \u015awi\u0119tej i Odnowienia Przyrzecze\u0144 Chrzcielnych.<\/li>\n<li>Dzisiaj te\u017c rozpoczynamy w Ko\u015bciele w Polsce 58. Tydzie\u0144 Modlitw o Trze\u017awo\u015b\u0107 Narodu. Zach\u0119cam wszystkich parafian do podj\u0119cia dobrowolnej abstynencji od alkoholu i innych u\u017cywek nie tylko w ci\u0105gu tego wyj\u0105tkowego tygodnia, ale tak\u017ce na d\u0142u\u017cszy okres dla ratowania ludzi uzale\u017cnionych, zw\u0142aszcza z naszej parafialnej wsp\u00f3lnoty.<\/li>\n<li>Ko\u0144czy si\u0119 tegoroczny karnawa\u0142. W tym tygodniu, 5 marca, przypada \u015aroda Popielcowa. Otwiera ona \u015bwi\u0119ty, szczeg\u00f3lny czas Wielkiego Postu. Msze \u015awi\u0119te tego dnia w naszym ko\u015bciele o <strong>: 10.00 i 17.00.<\/strong> Zewn\u0119trznym znakiem naszego wej\u015bcia na drog\u0119 pokuty i nawr\u00f3cenia jest posypanie g\u0142owy popio\u0142em. W kulturze Izraela ten gest by\u0142 wyrazem wielkiego smutku, \u017ca\u0142oby i pokuty. Popi\u00f3\u0142 przypomina te\u017c, \u017ce wszystko, co ziemskie, powsta\u0142o z prochu ziemi i\u00a0zn\u00f3w w proch si\u0119 obr\u00f3ci. Ten rozpad jest skutkiem grzechu. Jednak kap\u0142an, posypuj\u0105c g\u0142owy wiernych popio\u0142em, czyni nad nimi znak krzy\u017ca, kt\u00f3ry oznacza oczyszczenie i\u00a0zmartwychwstanie. Zatem Wielki Post \u2013 czas pokuty, postu, wyrzecze\u0144 i modlitwy \u2013 ma s\u0142u\u017cy\u0107 naszemu nawr\u00f3ceniu, ma przygotowa\u0107 nasze serca na owocne prze\u017cycie radosnych \u015bwi\u0105t Zmartwychwstania Pa\u0144skiego.<\/li>\n<li>W Popielec obowi\u0105zuje post \u015bcis\u0142y, polegaj\u0105cy na wstrzemi\u0119\u017aliwo\u015bci od pokarm\u00f3w mi\u0119snych i spo\u017cyciu jednego posi\u0142ku do syta w ci\u0105gu dnia. Pozosta\u0142e posi\u0142ki nale\u017cy ograniczy\u0107 co do ilo\u015bci. Post obowi\u0105zuje wszystkich pomi\u0119dzy 18. a 60. rokiem \u017cycia. Pozosta\u0142ych wiernych zach\u0119camy tak\u017ce do czynnego w\u0142\u0105czenia si\u0119 w ten wielki akt pokutny, na miar\u0119 ich mo\u017cliwo\u015bci. Przypominam, \u017ce wszystkich od 14. roku \u017cycia obowi\u0105zuje wstrzemi\u0119\u017aliwo\u015b\u0107 od pokarm\u00f3w mi\u0119snych. Przypominam te\u017c, \u017ce Wielki Post jest tzw. czasem zakazanym dla wesel, zabaw i dyskotek.<\/li>\n<li>Od \u015arody Popielcowej do pierwszej niedzieli Wielkiego Postu w\u0142\u0105cznie b\u0119d\u0105 trwa\u0107 Kwartalne dni modlitw o ducha pokuty. Wielki Post powinien by\u0107 naznaczony nasz\u0105 \u015bcis\u0142\u0105 wsp\u00f3\u0142prac\u0105 z Panem Bogiem, kt\u00f3ry \u201edaje nam si\u0142\u0119 zaczynania od nowa\u201d (KKK nr 1432).<\/li>\n<li>Nasze duchowe wielkopostne \u0107wiczenia wzmocni udzia\u0142 w nabo\u017ce\u0144stwach Drogi krzy\u017cowej, kt\u00f3re w naszym ko\u015bciele b\u0119dziemy odprawiali w pi\u0105tki o godz. 16.30, oraz w\u00a0Gorzkich \u017calach, odprawianych w ka\u017cd\u0105 niedziel\u0119 po Eucharystii o godz. 10.45.<\/li>\n<li>Przypominam, \u017ce Sanktuarium Matki Bo\u017cej R\u00f3\u017ca\u0144cowej w Smardzewie jest \u015bwi\u0105tyni\u0105 Jubileuszow\u0105 z okazji 950. rocznicy powstania diecezji p\u0142ockiej. Wierni mog\u0105 uzyska\u0107 odpust zupe\u0142ny pod zwyk\u0142ymi warunkami: nawiedzi\u0107 Sanktuarium, by\u0107 w stanie \u0142aski u\u015bwi\u0119caj\u0105cej, uczestniczy\u0107 we Mszy \u015awi\u0119tej, przyj\u0105\u0107 Komuni\u0119 \u015awi\u0119t\u0105 i modlitwa w intencjach Ojca \u015bwi\u0119tego (Modlitwa Pa\u0144ska, Wyznanie Wiary, i modlitwa do Matki Bo\u017cej np. Pod Twoja Obron\u0119\u2026 Odpust mo\u017cna ofiarowa\u0107 za siebie lub za osob\u0119 zmar\u0142\u0105.<\/li>\n<li>W tym tygodniu przypada pierwszy czwartek i pierwszy pi\u0105tek miesi\u0105ca:<\/li>\n<\/ol>\n<p>&#8211; w czwartek modlimy si\u0119 o u\u015bwi\u0119cenie kap\u0142an\u00f3w oraz o nowe liczne i \u015bwi\u0119te powo\u0142ania kap\u0142a\u0144skie i zakonne; &#8211; w pi\u0105tek nabo\u017ce\u0144stwo do Naj\u015bwi\u0119tszego Serca Pana Jezusa o godz. 17. 30; spowied\u017a \u015bwi\u0119ta od godz. 15.30; Msza \u015awi\u0119ta wynagradzaj\u0105ca\u00a0 Naj\u015bwi\u0119tszemu Sercu Pana Jezusa o godz. 17.00.<\/p>\n<p>9. Grupa wiernych z parafii p\u0142o\u0144skich zam\u00f3wi\u0142a 30 Mszy \u015awi\u0119tych w nast\u0119puj\u0105cej intencji: <strong>O ratunek dla Polski i wype\u0142nienie si\u0119 woli Bo\u017cej w naszych wyborach \u00a0za przyczyn\u0105 NMP Kr\u00f3lowej Polski, \u015bw. Andrzeja Boboli, \u00a0\u015bw. Stanis\u0142awa Kostki i wszystkich naszych Patron\u00f3w, \u015bwi\u0119tych i m\u0119czennik\u00f3w. Zach\u0119cam parafian do udzia\u0142u w tych Mszach \u015awi\u0119tych.\u00a0<\/strong><\/p>\n<ol start=\"9\">\n<li>Zach\u0119cam do nabycia prasy katolickiej: Go\u015b\u0107 Niedzielny, najnowszy numer \u201eHistoria Ko\u015bcio\u0142a\u201d \u2013 dwumiesi\u0119cznik, kt\u00f3rego temat brzmi: \u017bydzi i chrze\u015bcijanie, Rycerz Niepokalanej, Ma\u0142y Rycerzyk (dla dzieci), miesi\u0119cznik R\u00f3\u017caniec.<\/li>\n<\/ol>\n","protected":false},"excerpt":{"rendered":"<p>OG\u0141OSZENIA DUSZPASTERSKIE Dzisiaj po Eucharystii o godz. 9.00 b\u0119dzie spotkanie z dzie\u0107mi kl. III i IV przygotowuj\u0105ce do Pierwszej Komunii \u015awi\u0119tej i Odnowienia Przyrzecze\u0144 Chrzcielnych. Dzisiaj te\u017c rozpoczynamy w Ko\u015bciele w Polsce 58. Tydzie\u0144 Modlitw o Trze\u017awo\u015b\u0107 Narodu. Zach\u0119cam wszystkich parafian do podj\u0119cia dobrowolnej abstynencji od alkoholu i innych u\u017cywek nie tylko w ci\u0105gu tego &hellip; <\/p>\n<p><a class=\"more-link btn\" href=\"https:\/\/parafiasmardzewo.pl\/?p=9920\">Kontynuuj czytanie<\/a><\/p>\n","protected":false},"author":2,"featured_media":5378,"comment_status":"open","ping_status":"open","sticky":false,"template":"","format":"standard","meta":[],"categories":[2],"tags":[],"_links":{"self":[{"href":"https:\/\/parafiasmardzewo.pl\/index.php?rest_route=\/wp\/v2\/posts\/9920"}],"collection":[{"href":"https:\/\/parafiasmardzewo.pl\/index.php?rest_route=\/wp\/v2\/posts"}],"about":[{"href":"https:\/\/parafiasmardzewo.pl\/index.php?rest_route=\/wp\/v2\/types\/post"}],"author":[{"embeddable":true,"href":"https:\/\/parafiasmardzewo.pl\/index.php?rest_route=\/wp\/v2\/users\/2"}],"replies":[{"embeddable":true,"href":"https:\/\/parafiasmardzewo.pl\/index.php?rest_route=%2Fwp%2Fv2%2Fcomments&post=9920"}],"version-history":[{"count":5,"href":"https:\/\/parafiasmardzewo.pl\/index.php?rest_route=\/wp\/v2\/posts\/9920\/revisions"}],"predecessor-version":[{"id":9925,"href":"https:\/\/parafiasmardzewo.pl\/index.php?rest_route=\/wp\/v2\/posts\/9920\/revisions\/9925"}],"wp:featuredmedia":[{"embeddable":true,"href":"https:\/\/parafiasmardzewo.pl\/index.php?rest_route=\/wp\/v2\/media\/5378"}],"wp:attachment":[{"href":"https:\/\/parafiasmardzewo.pl\/index.php?rest_route=%2Fwp%2Fv2%2Fmedia&parent=9920"}],"wp:term":[{"taxonomy":"category","embeddable":true,"href":"https:\/\/parafiasmardzewo.pl\/index.php?rest_route=%2Fwp%2Fv2%2Fcategories&post=9920"},{"taxonomy":"post_tag","embeddable":true,"href":"https:\/\/parafiasmardzewo.pl\/index.php?rest_route=%2Fwp%2Fv2%2Ftags&post=9920"}],"curies":[{"name":"wp","href":"https:\/\/api.w.org\/{rel}","templated":true}]}}