{"id":9926,"date":"2025-03-01T23:16:28","date_gmt":"2025-03-01T22:16:28","guid":{"rendered":"https:\/\/parafiasmardzewo.pl\/?p=9926"},"modified":"2025-03-01T23:17:12","modified_gmt":"2025-03-01T22:17:12","slug":"msze-swiete-od-3-9-marca-2025-roku","status":"publish","type":"post","link":"https:\/\/parafiasmardzewo.pl\/?p=9926","title":{"rendered":"Msze \u015awi\u0119te od 3 &#8211; 9 marca 2025 roku"},"content":{"rendered":"<p><strong>Poniedzia\u0142ek<\/strong><\/p>\n<p><strong>godz. 16.00 <\/strong>+ J\u00f3zef Marciniak \u2013 gregorianka; 2) + Piotr B\u0142aszkowski \u2013 int. p.<\/p>\n<p>17.00 O ratunek dla Polski i wype\u0142nienie si\u0119 woli Bo\u017cej w naszych wyborach\u00a0 za przyczyn\u0105 NMP Kr\u00f3lowej Polski, \u015bw. Andrzeja Boboli,\u00a0 \u015bw. Stanis\u0142awa Kostki i wszystkich naszych Patron\u00f3w, \u015bwi\u0119tych i m\u0119czennik\u00f3w.<\/p>\n<p><strong>Wtorek<\/strong><\/p>\n<p><strong>godz. 16.00 +\u00a0 <\/strong>gregorianka; 2) + Stanis\u0142aw Wychucki \u2013 int. p.<\/p>\n<p><strong>godz. 17.00 <\/strong>W intencji Ojczyzny<\/p>\n<p><strong>\u015aroda <\/strong><\/p>\n<p><strong>godz. 10.00 + <\/strong>gregorianka<\/p>\n<p><strong>godz. 17.00<\/strong> W intencji Ojczyzny za przyczyn\u0105 \u015bw. Andrzeja Boboli i \u015bw. Stanis\u0142awa Kostki<\/p>\n<p><strong>Czwartek<\/strong><\/p>\n<p><strong>godz. 16.00 + <\/strong>gregorianka; 2) + Maria Lewandowska \u2013 int. p.<\/p>\n<p><strong>godz. 17.00<\/strong> W intencji Ojczyzny<\/p>\n<p><strong>Pi\u0105tek<\/strong><\/p>\n<p><strong>godz. 16.30 Droga Krzy\u017cowa<\/strong><\/p>\n<p><strong>godz. 17.00 W intencji Ojczyzny; 2) + <\/strong>\u00a0gregorianka<\/p>\n<p><strong>Sobota<\/strong><\/p>\n<p><strong>godz. 16.00<\/strong> \u00a0+ gregorianka; 2)+ Jan Chojnacki, r-c\u00f3w Balcerzak\u00f3w i braci: Edward, Stanis\u0142aw i Janusz Balcerzak<\/p>\n<p><strong>godz. 17.00<\/strong> O ratunek dla Polski i wype\u0142nienie si\u0119 woli Bo\u017cej w naszych wyborach \u00a0za przyczyn\u0105 NMP Kr\u00f3lowej Polski, \u015bw. Andrzeja Boboli, \u00a0\u015bw. Stanis\u0142awa Kostki i wszystkich naszych Patron\u00f3w, \u015bwi\u0119tych i m\u0119czennik\u00f3w.<\/p>\n<p><strong>Niedziela<\/strong><\/p>\n<p><strong>godz. 9.00<\/strong> \u00a0+ Tadeusz Ma\u0142achowski, zmar\u0142ych z r-ny Leonarskich; 2) + \u00a0Feliks (m) i W\u0142adys\u0142awa (k) i Czes\u0142aw Za\u0142\u0119ccy oraz Zofia i Jerzy Ga\u0142czy\u0144ski<\/p>\n<p><strong>godz. 10.45 <\/strong>W intencji Ojczyzny; 2) + Wies\u0142awa Kmieci\u0144ska (10 r), Anna Kmieci\u0144ska (28 r)<\/p>\n<p><strong>godz. 16.00 <\/strong>+ Jan K\u0119pczy\u0144ski; 2) + \u00a0J\u00f3zef Marciniak &#8211; gregorianka<\/p>\n<p>&nbsp;<\/p>\n<p>&nbsp;<\/p>\n","protected":false},"excerpt":{"rendered":"<p>Poniedzia\u0142ek godz. 16.00 + J\u00f3zef Marciniak \u2013 gregorianka; 2) + Piotr B\u0142aszkowski \u2013 int. p. 17.00 O ratunek dla Polski i wype\u0142nienie si\u0119 woli Bo\u017cej w naszych wyborach\u00a0 za przyczyn\u0105 NMP Kr\u00f3lowej Polski, \u015bw. Andrzeja Boboli,\u00a0 \u015bw. Stanis\u0142awa Kostki i wszystkich naszych Patron\u00f3w, \u015bwi\u0119tych i m\u0119czennik\u00f3w. Wtorek godz. 16.00 +\u00a0 gregorianka; 2) + Stanis\u0142aw Wychucki &hellip; <\/p>\n<p><a class=\"more-link btn\" href=\"https:\/\/parafiasmardzewo.pl\/?p=9926\">Kontynuuj czytanie<\/a><\/p>\n","protected":false},"author":2,"featured_media":9544,"comment_status":"open","ping_status":"open","sticky":false,"template":"","format":"standard","meta":[],"categories":[5],"tags":[],"_links":{"self":[{"href":"https:\/\/parafiasmardzewo.pl\/index.php?rest_route=\/wp\/v2\/posts\/9926"}],"collection":[{"href":"https:\/\/parafiasmardzewo.pl\/index.php?rest_route=\/wp\/v2\/posts"}],"about":[{"href":"https:\/\/parafiasmardzewo.pl\/index.php?rest_route=\/wp\/v2\/types\/post"}],"author":[{"embeddable":true,"href":"https:\/\/parafiasmardzewo.pl\/index.php?rest_route=\/wp\/v2\/users\/2"}],"replies":[{"embeddable":true,"href":"https:\/\/parafiasmardzewo.pl\/index.php?rest_route=%2Fwp%2Fv2%2Fcomments&post=9926"}],"version-history":[{"count":1,"href":"https:\/\/parafiasmardzewo.pl\/index.php?rest_route=\/wp\/v2\/posts\/9926\/revisions"}],"predecessor-version":[{"id":9927,"href":"https:\/\/parafiasmardzewo.pl\/index.php?rest_route=\/wp\/v2\/posts\/9926\/revisions\/9927"}],"wp:featuredmedia":[{"embeddable":true,"href":"https:\/\/parafiasmardzewo.pl\/index.php?rest_route=\/wp\/v2\/media\/9544"}],"wp:attachment":[{"href":"https:\/\/parafiasmardzewo.pl\/index.php?rest_route=%2Fwp%2Fv2%2Fmedia&parent=9926"}],"wp:term":[{"taxonomy":"category","embeddable":true,"href":"https:\/\/parafiasmardzewo.pl\/index.php?rest_route=%2Fwp%2Fv2%2Fcategories&post=9926"},{"taxonomy":"post_tag","embeddable":true,"href":"https:\/\/parafiasmardzewo.pl\/index.php?rest_route=%2Fwp%2Fv2%2Ftags&post=9926"}],"curies":[{"name":"wp","href":"https:\/\/api.w.org\/{rel}","templated":true}]}}