{"id":9928,"date":"2025-03-08T20:27:55","date_gmt":"2025-03-08T19:27:55","guid":{"rendered":"https:\/\/parafiasmardzewo.pl\/?p=9928"},"modified":"2025-03-08T20:28:10","modified_gmt":"2025-03-08T19:28:10","slug":"pierwsza-niedziela-wielkiego-postu-9-marca-2025","status":"publish","type":"post","link":"https:\/\/parafiasmardzewo.pl\/?p=9928","title":{"rendered":"PIERWSZA NIEDZIELA WIELKIEGO POSTU &#8211; 9 marca 2025"},"content":{"rendered":"<p><strong>OG\u0141OSZENIA DUSZPASTERSKIE<\/strong><\/p>\n<ol>\n<li>Dzisiaj prze\u017cywamy pierwsz\u0105 niedziel\u0119 Wielkiego Postu. Ko\u0144cz\u0105 si\u0119 trwaj\u0105ce od \u015arody Popielcowej Kwartalne dni modlitw o ducha pokuty. Starajmy si\u0119, aby owoce duchowe, jakie w tym czasie otrzymamy, promieniowa\u0142y wok\u00f3\u0142 nas, a trud stawania si\u0119 lepszymi ofiarujmy tak\u017ce za innych, zw\u0142aszcza za tych, kt\u00f3rzy obra\u017caj\u0105 Pana Boga i za to nie przepraszaj\u0105, oraz za pok\u00f3j na \u015bwiecie.<\/li>\n<\/ol>\n<ol start=\"2\">\n<li>Po Mszy \u015awi\u0119tej o godz.9.00 zapraszam uczni\u00f3w kl. III i IV na spotkanie przygotowuj\u0105ce do Pierwszej Komunii \u015awi\u0119tej i odnowienia Przyrzecze\u0144 Chrztu \u015awi\u0119tego.<\/li>\n<li>W\u0142\u0105czmy si\u0119 w g\u0142\u0119bokie prze\u017cycie tego czasu przez intensywniejsz\u0105 modlitw\u0119 osobist\u0105 i\u00a0wsp\u00f3lnotow\u0105. Tej drugiej b\u0119dzie sprzyja\u0142 udzia\u0142 w nabo\u017ce\u0144stwach wielkopostnych: &#8211; w\u00a0pi\u0105tki w naszym ko\u015bciele o godz. 16.30 odprawiamy Drog\u0119 krzy\u017cow\u0105, &#8211; a w niedziele po Eucharystii o godz. 10.45 Gorzkie \u017cale. Do licznego udzia\u0142u w tych nabo\u017ce\u0144stwach zach\u0119cam wszystkich parafian: dzieci, m\u0142odzie\u017c i\u00a0doros\u0142ych. Pami\u0119tajmy o\u00a0osobistych umartwieniach, a tak\u017ce o specjalnych postanowieniach na Wielki Post.<\/li>\n<li>Przypominam, \u017ce w ka\u017cdy pi\u0105tek Wielkiego Postu za odm\u00f3wienie przed obrazem Jezusa ukrzy\u017cowanego po przyj\u0119ciu Komunii \u015bw. modlitwy do Chrystusa ukrzy\u017cowanego: \u201eOto ja, dobry i najs\u0142odszy Jezu\u201d oraz za udzia\u0142 w Drodze krzy\u017cowej, a tak\u017ce w\u00a0ka\u017cd\u0105 niedziel\u0119 za udzia\u0142 w nabo\u017ce\u0144stwie Gorzkich \u017cali oraz za odprawienie przynajmniej trzydniowych rekolekcji mo\u017cna uzyska\u0107 odpust zupe\u0142ny.<\/li>\n<li>W czwartek, 13 marca, przypada 12. rocznica wyboru papie\u017ca Franciszka na Stolic\u0119 Piotrow\u0105. Powierzajmy go Bo\u017cej Opatrzno\u015bci oraz opiece Matki Naj\u015bwi\u0119tszej w naszych osobistych modlitwach, aby bezpiecznie i w wierno\u015bci Ewangelii prowadzi\u0142 Ko\u015bci\u00f3\u0142 przez burzliwe wsp\u00f3\u0142czesne czasy.<\/li>\n<li>Przysz\u0142a niedziela b\u0119dzie drug\u0105 niedziel\u0105 Wielkiego Postu. To tak zwana Niedziela Ad Gentes. Jest to Dzie\u0144 Modlitwy, Postu i Solidarno\u015bci z Misjonarzami. B\u0119dziemy si\u0119 modlili w\u00a0intencji misji i misjonarzy, a po Mszach \u015awi\u0119tych ofiarami z\u0142o\u017conymi do puszek b\u0119dziemy mogli materialnie wesprze\u0107 dzie\u0142o misyjne Ko\u015bcio\u0142a.<\/li>\n<li>Zach\u0119cam do nabycia prasy katolickiej.<\/li>\n<\/ol>\n<p>&nbsp;<\/p>\n<p>&nbsp;<\/p>\n","protected":false},"excerpt":{"rendered":"<p>OG\u0141OSZENIA DUSZPASTERSKIE Dzisiaj prze\u017cywamy pierwsz\u0105 niedziel\u0119 Wielkiego Postu. Ko\u0144cz\u0105 si\u0119 trwaj\u0105ce od \u015arody Popielcowej Kwartalne dni modlitw o ducha pokuty. Starajmy si\u0119, aby owoce duchowe, jakie w tym czasie otrzymamy, promieniowa\u0142y wok\u00f3\u0142 nas, a trud stawania si\u0119 lepszymi ofiarujmy tak\u017ce za innych, zw\u0142aszcza za tych, kt\u00f3rzy obra\u017caj\u0105 Pana Boga i za to nie przepraszaj\u0105, oraz &hellip; <\/p>\n<p><a class=\"more-link btn\" href=\"https:\/\/parafiasmardzewo.pl\/?p=9928\">Kontynuuj czytanie<\/a><\/p>\n","protected":false},"author":2,"featured_media":5378,"comment_status":"open","ping_status":"open","sticky":false,"template":"","format":"standard","meta":[],"categories":[2],"tags":[],"_links":{"self":[{"href":"https:\/\/parafiasmardzewo.pl\/index.php?rest_route=\/wp\/v2\/posts\/9928"}],"collection":[{"href":"https:\/\/parafiasmardzewo.pl\/index.php?rest_route=\/wp\/v2\/posts"}],"about":[{"href":"https:\/\/parafiasmardzewo.pl\/index.php?rest_route=\/wp\/v2\/types\/post"}],"author":[{"embeddable":true,"href":"https:\/\/parafiasmardzewo.pl\/index.php?rest_route=\/wp\/v2\/users\/2"}],"replies":[{"embeddable":true,"href":"https:\/\/parafiasmardzewo.pl\/index.php?rest_route=%2Fwp%2Fv2%2Fcomments&post=9928"}],"version-history":[{"count":1,"href":"https:\/\/parafiasmardzewo.pl\/index.php?rest_route=\/wp\/v2\/posts\/9928\/revisions"}],"predecessor-version":[{"id":9929,"href":"https:\/\/parafiasmardzewo.pl\/index.php?rest_route=\/wp\/v2\/posts\/9928\/revisions\/9929"}],"wp:featuredmedia":[{"embeddable":true,"href":"https:\/\/parafiasmardzewo.pl\/index.php?rest_route=\/wp\/v2\/media\/5378"}],"wp:attachment":[{"href":"https:\/\/parafiasmardzewo.pl\/index.php?rest_route=%2Fwp%2Fv2%2Fmedia&parent=9928"}],"wp:term":[{"taxonomy":"category","embeddable":true,"href":"https:\/\/parafiasmardzewo.pl\/index.php?rest_route=%2Fwp%2Fv2%2Fcategories&post=9928"},{"taxonomy":"post_tag","embeddable":true,"href":"https:\/\/parafiasmardzewo.pl\/index.php?rest_route=%2Fwp%2Fv2%2Ftags&post=9928"}],"curies":[{"name":"wp","href":"https:\/\/api.w.org\/{rel}","templated":true}]}}