{"id":9932,"date":"2025-03-08T21:03:28","date_gmt":"2025-03-08T20:03:28","guid":{"rendered":"https:\/\/parafiasmardzewo.pl\/?p=9932"},"modified":"2025-03-08T21:05:42","modified_gmt":"2025-03-08T20:05:42","slug":"list-pasterski-biskupa-plockiego-na-wielki-post-2025","status":"publish","type":"post","link":"https:\/\/parafiasmardzewo.pl\/?p=9932","title":{"rendered":"LIST PASTERSKI BISKUPA P\u0141OCKIEGO NA WIELKI POST 2025"},"content":{"rendered":"<p><strong>\u00a0 \u00a0 \u00a0 \u00a0<\/strong>Wielki Post to czas pielgrzymowania ku tajemnicy paschalnej, w kt\u00f3rej \u015bwi\u0119tujemy przej\u015bcie Jezusa przez m\u0119k\u0119, \u015bmier\u0107 i gr\u00f3b do zmartwychwstania. Jeste\u015bmy na t\u0119 pielgrzymk\u0119 zaproszeni. Ju\u017c dzi\u015b w drugim czytaniu s\u0142yszymy wezwanie, by wyzna\u0107 nasz\u0105 wiar\u0119 ustami i sercem czyli ca\u0142ym sob\u0105. Ta decyzja i ten czyn prowadzi do zbawienia. \u015awi\u0119ty Pawe\u0142 naucza<strong>:\u00a0<em>\u201eJe\u017celi wi\u0119c ustami swoimi wyznasz, \u017ce Jezus jest Panem, i w sercu swoim uwierzysz, \u017ce B\u00f3g Go wskrzesi\u0142 z martwych \u2013 osi\u0105gniesz zbawienie. Bo sercem przyj\u0119ta wiara prowadzi do sprawiedliwo\u015bci, a wyznawanie jej ustami \u2013 do zbawienia\u201d<\/em><\/strong>\u00a0(Rz 10\u2026)<\/p>\n<p><strong>\u00a0\u00a0\u00a0\u00a0\u00a0\u00a0\u00a0\u00a0\u00a0\u00a0\u00a0\u00a0\u00a0\u00a0\u00a0\u00a0\u00a0\u00a0\u00a0\u00a0 \u00a0\u00a0\u00a0\u00a0Wyzna\u0107 ustami i w sercu uwierzy\u0107<\/strong><\/p>\n<p>Wydaje si\u0119, \u017ce to takie proste:\u00a0<em>wyzna\u0107 ustami i w sercu uwierzy\u0107<\/em>. Mo\u017cemy uczyni\u0107 to w ka\u017cdej chwili i w ka\u017cdym miejscu. Jednak Ko\u015bci\u00f3\u0142 proponuje nam konkretny czas i szczeg\u00f3ln\u0105 drog\u0119, by u jej kresu razem, jako wsp\u00f3lnota\u00a0<em>ustami wyzna\u0107, \u017ce Jezus jest Panem i w sercu uwierzy\u0107, \u017ce B\u00f3g Go wskrzesi\u0142 z martwych<\/em>. T\u0119 drog\u0119 rozpocz\u0119li\u015bmy w \u015arod\u0119 Popielcow\u0105. Ona poprowadzi nas poprzez rekolekcje parafialne, nabo\u017ce\u0144stwa Dr\u00f3g Krzy\u017cowych i Gorzkich \u017bali, przez lektur\u0119 s\u0142owa Bo\u017cego i przez nawiedzenie ko\u015bcio\u0142\u00f3w jubileuszowych. Poprowadzi nas te\u017c do os\u00f3b ubogich, potrzebuj\u0105cych naszego wsparcia, by\u015bmy wreszcie poruszeni mi\u0142o\u015bci\u0105 Pana Boga otworzyli przed Nim serca i w spowiedzi \u015bwi\u0119tej wyznali nasze grzechy, by do\u015bwiadczy\u0107 uzdrawiaj\u0105cej mocy Jego mi\u0142osierdzia.<\/p>\n<p><strong>\u00a0\u00a0\u00a0\u00a0\u00a0\u00a0\u00a0\u00a0\u00a0\u00a0\u00a0\u00a0\u00a0\u00a0\u00a0\u00a0\u00a0\u00a0\u00a0\u00a0\u00a0\u00a0\u00a0\u00a0\u00a0\u00a0\u00a0\u00a0\u00a0\u00a0\u00a0\u00a0\u00a0 Wigilia Paschalna<\/strong><\/p>\n<p>Wraz z ca\u0142ym Ko\u015bcio\u0142em, jako pielgrzymi nadziei, odnowimy przymierze chrzcielne w Noc Paschaln\u0105, czyli noc po zako\u0144czeniu Wielkiej Soboty, po zachodzie s\u0142o\u0144ca. Wtedy, ka\u017cdy z nas osobi\u015bcie, ale tak\u017ce jako wsp\u00f3lnota\u00a0<em>ustami naszymi wyznamy, \u017ce Jezus jest Panem i w sercu uwierzymy, \u017ce B\u00f3g Go wskrzesi\u0142 z martwych<\/em>. B\u0119dzie to centralne wydarzenie Jubileuszu 950-lecia diecezji p\u0142ockiej w naszych parafiach. Przygotujmy si\u0119 do tej chwili jak najlepiej i prze\u017cyjmy j\u0105 z sercami otwartymi na dzia\u0142anie \u0142aski Bo\u017cej. Ze wzgl\u0119du na por\u0119 zachodu s\u0142o\u0144ca, w tym roku poleci\u0142em kap\u0142anom, by\u015bmy liturgi\u0119 Wigilii Paschalnej celebrowali najwcze\u015bniej o godzinie 20.30.<\/p>\n<p><strong>\u00a0\u00a0\u00a0\u00a0\u00a0\u00a0\u00a0\u00a0\u00a0\u00a0\u00a0\u00a0\u00a0\u00a0\u00a0\u00a0\u00a0\u00a0\u00a0\u00a0\u00a0\u00a0\u00a0\u00a0\u00a0\u00a0\u00a0 Centralne uroczysto\u015bci jubileuszowe<\/strong><\/p>\n<p>W roku jubileuszu naszej diecezji przyjdzie czas na wsp\u00f3lnotowe wyznanie wiary w Boga. Jako rodzina diecezjalna, podczas centralnej uroczysto\u015bci jubileuszowej, 7 czerwca br., w p\u0142ockiej Orlen Arenie, wsp\u00f3lnie\u00a0<em>ustami wyznamy, \u017ce Jezus jest Panem i w sercach uwierzymy, \u017ce B\u00f3g Go wskrzesi\u0142 z martwych<\/em>. Bardzo Was, Siostry i Bracia na to wsp\u00f3lne \u015bwi\u0119towanie zapraszam. Chcemy podzi\u0119kowa\u0107 Bogu za pi\u0119kno i bogactwo naszej przesz\u0142o\u015bci, zawierza\u0107 Mu nasz\u0105 tera\u017aniejszo\u015b\u0107 i z nadziej\u0105 spojrze\u0107 w przysz\u0142o\u015b\u0107. Podczas tej uroczysto\u015bci ka\u017cda parafia otrzyma ksi\u0119g\u0119 Dziej\u00f3w Apostolskich z pustymi kartami, na kt\u00f3rych przez 50 najbli\u017cszych lat b\u0119d\u0105 wpisywane imiona i nazwiska os\u00f3b, kt\u00f3re przyjm\u0105 sakramenty chrztu i bierzmowania. Przez 950 lat na naszej ziemi pisane by\u0142y dalej Dzieje Apostolskie. Chcemy prosi\u0107 Ducha \u015awi\u0119tego, by uzdalnia\u0142 nas do kontynuowania misji przekazu wiary przez nast\u0119pne lata na Mazowszu i Ziemi Dobrzy\u0144skiej. Ka\u017cda parafia otrzyma tak\u017ce ma\u0142y krzy\u017c wykonany z czarnego d\u0119bu, kt\u00f3ry pochodzi z wa\u0142\u00f3w obronnych grodu ksi\u0119cia Mieszka I i przypomina czasy, gdy na naszych ziemiach rodzi\u0142o si\u0119 chrze\u015bcija\u0144stwo. Ten krzy\u017c, po\u0142o\u017cony na o\u0142tarzach naszych parafii, b\u0119dzie przypomina\u0142, \u017ce kontynuujemy drog\u0119 wiary zapocz\u0105tkowan\u0105 przed wiekami przez naszych przodk\u00f3w.<\/p>\n<p><strong>\u00a0\u00a0\u00a0\u00a0\u00a0\u00a0\u00a0\u00a0\u00a0\u00a0\u00a0\u00a0\u00a0\u00a0\u00a0\u00a0\u00a0\u00a0\u00a0\u00a0\u00a0\u00a0\u00a0\u00a0\u00a0\u00a0\u00a0\u00a0\u00a0\u00a0\u00a0\u00a0\u00a0\u00a0\u00a0\u00a0\u00a0\u00a0 Troska o przekaz wiary<\/strong><\/p>\n<p>Dziel\u0119 si\u0119 z Wami, Siostry i Bracia wielk\u0105 rado\u015bci\u0105, \u017ce s\u0105 w\u015br\u00f3d nas osoby, kt\u00f3re podj\u0119\u0142y drog\u0119 formacji, by wspiera\u0107 kap\u0142an\u00f3w w misji przekazu wiary w naszych wsp\u00f3lnotach parafialnych i rodzinnych. Ciesz\u0119 si\u0119 wsp\u00f3lnot\u0105 Szko\u0142y Animatora M\u0142odzie\u017cy, osobami, kt\u00f3re przygotowuj\u0105 si\u0119 do pe\u0142nienia pos\u0142ugi katechist\u00f3w, lektor\u00f3w, nadzwyczajnych szafarzy Komunii \u015bwi\u0119tej i akolit\u00f3w. W najbli\u017cszych dniach rozpoczyna swoj\u0105 drog\u0119 formacji grupa 13 m\u0119\u017cczyzn, kt\u00f3rzy rozeznaj\u0105 swoje powo\u0142anie do sta\u0142ego diakonatu. Raduj\u0119 si\u0119 tak\u017ce osobami doros\u0142ymi, kt\u00f3re rozpocz\u0119\u0142y swoje przygotowanie do przyj\u0119cia sakrament\u00f3w inicjacji chrze\u015bcija\u0144skiej, czyli chrztu, Pierwszej Komunii \u015awi\u0119tej i bierzmowania. Wszystkich ich polecam Waszej modlitwie.<\/p>\n<p><strong>\u00a0\u00a0\u00a0\u00a0\u00a0\u00a0\u00a0\u00a0\u00a0\u00a0\u00a0\u00a0\u00a0\u00a0\u00a0\u00a0\u00a0\u00a0\u00a0\u00a0\u00a0\u00a0\u00a0\u00a0\u00a0\u00a0\u00a0\u00a0\u00a0 Nasz dar dla m\u0142odszych Ko\u015bcio\u0142\u00f3w<\/strong><\/p>\n<p>W naszym jubileuszowym \u015bwi\u0119towaniu nie zapominamy o Ko\u015bcio\u0142ach m\u0142odszych, ubo\u017cszych, potrzebuj\u0105cych naszej solidarno\u015bci i wsparcia. B\u0119d\u0105c pielgrzymami w drodze do \u017ar\u00f3d\u0142a chcemy pom\u00f3c ludziom na Madagaskarze i w Zambii, kt\u00f3rzy nie maj\u0105 dost\u0119pu do wody pitnej. Zdecydowali\u015bmy, \u017ce naszym darem dla nich b\u0119d\u0105 studnie, kt\u00f3re pomo\u017cemy im wybudowa\u0107. W Zambii pracuje nasz p\u0142ocki misjonarz, ksi\u0105dz Adam Perg\u00f3\u0142, a na Madagaskarze nuncjuszem apostolskim jest pochodz\u0105cy z Polski, abp Tomasz Grysa. We wsp\u00f3\u0142pracy nimi realizujemy ten projekt. Do wszystkich parafii naszej diecezji dotar\u0142y plakaty, kt\u00f3re informuj\u0105 o mo\u017cliwo\u015bci wsparcia ofiar\u0105 materialn\u0105 tego dzie\u0142a. Zapraszamy tak\u017ce do w\u0142\u0105czenia si\u0119 w akcj\u0119 \u201eTw\u00f3j woreczek z misj\u0105\u201d. Polega ona na tym, \u017ce nabywamy 100 gram ry\u017cu, by prze\u017cy\u0107 dzie\u0144 postu posilaj\u0105c si\u0119 tak\u0105 porcj\u0105 \u017cywno\u015bciow\u0105, sk\u0142adamy ofiar\u0119 na fundusz budowy studni i modlimy si\u0119 za tych, kt\u00f3rym j\u0105 budujemy oraz za osoby kt\u00f3re studnie zbuduj\u0105. \u0141\u0105czymy w ten spos\u00f3b modlitw\u0119 z postem i ja\u0142mu\u017cn\u0105. Zapraszam tak\u017ce kap\u0142an\u00f3w, by\u015bmy nasz\u0105 tegoroczn\u0105 ja\u0142mu\u017cn\u0119 postn\u0105 przeznaczyli na ten cel.<\/p>\n<p><strong>\u00a0\u00a0\u00a0\u00a0\u00a0\u00a0\u00a0\u00a0\u00a0\u00a0\u00a0\u00a0\u00a0\u00a0\u00a0\u00a0\u00a0\u00a0\u00a0\u00a0\u00a0\u00a0\u00a0\u00a0\u00a0\u00a0\u00a0\u00a0\u00a0\u00a0\u00a0\u00a0\u00a0\u00a0\u00a0 Pro\u015bba o modlitw\u0119<\/strong><\/p>\n<p>Bardzo Was prosz\u0119 o podj\u0119cie dzie\u0142a duchowej adopcji dzieci pocz\u0119tych, kt\u00f3rych \u017cycie jest zagro\u017cone aborcj\u0105, oraz o modlitw\u0119 za ich rodzic\u00f3w. Mo\u017cemy w\u0142\u0105czy\u0107 si\u0119 w to wielkie dzie\u0142o mi\u0142osierdzia w naszych parafiach w Dzie\u0144 \u015awi\u0119to\u015bci \u017bycia, 25 marca br. Prosz\u0119 te\u017c o modlitw\u0119 o zdrowie dla papie\u017ca Franciszka oraz o ustanie wojen, a szczeg\u00f3lnie o sprawiedliwy pok\u00f3j w Ukrainie.<\/p>\n<p>Jeszcze raz zapraszam do czytania Dziej\u00f3w Apostolskich. Niech ich lektura rozpala nasze serca gorliwo\u015bci\u0105 przekazu wiary, by\u015bmy w ten spos\u00f3b dalej pisali jej dzieje w naszej diecezji.<\/p>\n<p>Zapraszam, b\u0105d\u017amy razem w P\u0142ocku 7 czerwca br. na Marszu dla \u017bycia i Rodziny oraz \u015bwi\u0119towaniu jubileuszu 950-lecia diecezji p\u0142ockiej.<\/p>\n<p>Z modlitw\u0105 i Bo\u017cym b\u0142ogos\u0142awie\u0144stwem \u2013\u00a0 \u00a0 \u00a0 \u00a0 \u00a0 \u00a0 \u00a0 \u00a0 \u00a0 \u00a0 \u00a0 \u00a0 \u00a0 \u00a0 \u00a0 \u00a0 \u00a0 \u00a0 \u00a0 \u00a0 \u00a0 \u00a0 \u00a0 \u00a0 \u00a0 \u00a0 \u00a0 \u00a0 \u00a0 \u00a0 \u00a0 \u00a0 \u00a0 \u00a0 \u00a0 \u00a0 \u00a0 \u00a0 \u00a0 \u00a0 \u00a0 \u00a0 \u00a0 \u00a0 \u00a0 \u00a0 \u00a0 \u00a0 \u00a0 \u00a0 \u00a0 \u00a0 \u00a0 \u00a0 \u00a0 \u00a0 \u00a0 \u00a0 \u00a0 \u00a0 \u00a0 \u00a0 \u00a0 \u00a0 \u00a0 \u00a0 \u00a0 \u00a0 \u00a0 \u00a0 \u00a0 \u00a0 \u00a0 \u00a0 \u00a0<em>\u00a0\u2020 Szymon Stu\u0142kowski<\/em><br \/>\n<em>\u00a0 \u00a0 \u00a0 \u00a0 \u00a0 \u00a0Biskup P\u0142ocki<\/em><\/p>\n<p><strong>\u00a0<\/strong><\/p>\n<p>&nbsp;<\/p>\n<p>&nbsp;<\/p>\n<p>&nbsp;<\/p>\n<p>&nbsp;<\/p>\n","protected":false},"excerpt":{"rendered":"<p>\u00a0 \u00a0 \u00a0 \u00a0Wielki Post to czas pielgrzymowania ku tajemnicy paschalnej, w kt\u00f3rej \u015bwi\u0119tujemy przej\u015bcie Jezusa przez m\u0119k\u0119, \u015bmier\u0107 i gr\u00f3b do zmartwychwstania. Jeste\u015bmy na t\u0119 pielgrzymk\u0119 zaproszeni. Ju\u017c dzi\u015b w drugim czytaniu s\u0142yszymy wezwanie, by wyzna\u0107 nasz\u0105 wiar\u0119 ustami i sercem czyli ca\u0142ym sob\u0105. Ta decyzja i ten czyn prowadzi do zbawienia. \u015awi\u0119ty Pawe\u0142 &hellip; <\/p>\n<p><a class=\"more-link btn\" href=\"https:\/\/parafiasmardzewo.pl\/?p=9932\">Kontynuuj czytanie<\/a><\/p>\n","protected":false},"author":2,"featured_media":8408,"comment_status":"open","ping_status":"open","sticky":false,"template":"","format":"standard","meta":[],"categories":[6],"tags":[],"_links":{"self":[{"href":"https:\/\/parafiasmardzewo.pl\/index.php?rest_route=\/wp\/v2\/posts\/9932"}],"collection":[{"href":"https:\/\/parafiasmardzewo.pl\/index.php?rest_route=\/wp\/v2\/posts"}],"about":[{"href":"https:\/\/parafiasmardzewo.pl\/index.php?rest_route=\/wp\/v2\/types\/post"}],"author":[{"embeddable":true,"href":"https:\/\/parafiasmardzewo.pl\/index.php?rest_route=\/wp\/v2\/users\/2"}],"replies":[{"embeddable":true,"href":"https:\/\/parafiasmardzewo.pl\/index.php?rest_route=%2Fwp%2Fv2%2Fcomments&post=9932"}],"version-history":[{"count":3,"href":"https:\/\/parafiasmardzewo.pl\/index.php?rest_route=\/wp\/v2\/posts\/9932\/revisions"}],"predecessor-version":[{"id":9935,"href":"https:\/\/parafiasmardzewo.pl\/index.php?rest_route=\/wp\/v2\/posts\/9932\/revisions\/9935"}],"wp:featuredmedia":[{"embeddable":true,"href":"https:\/\/parafiasmardzewo.pl\/index.php?rest_route=\/wp\/v2\/media\/8408"}],"wp:attachment":[{"href":"https:\/\/parafiasmardzewo.pl\/index.php?rest_route=%2Fwp%2Fv2%2Fmedia&parent=9932"}],"wp:term":[{"taxonomy":"category","embeddable":true,"href":"https:\/\/parafiasmardzewo.pl\/index.php?rest_route=%2Fwp%2Fv2%2Fcategories&post=9932"},{"taxonomy":"post_tag","embeddable":true,"href":"https:\/\/parafiasmardzewo.pl\/index.php?rest_route=%2Fwp%2Fv2%2Ftags&post=9932"}],"curies":[{"name":"wp","href":"https:\/\/api.w.org\/{rel}","templated":true}]}}