{"id":9937,"date":"2025-03-15T21:00:59","date_gmt":"2025-03-15T20:00:59","guid":{"rendered":"https:\/\/parafiasmardzewo.pl\/?p=9937"},"modified":"2025-03-15T21:00:59","modified_gmt":"2025-03-15T20:00:59","slug":"druga-niedziela-wielkiego-postu-16-marca-2025","status":"publish","type":"post","link":"https:\/\/parafiasmardzewo.pl\/?p=9937","title":{"rendered":"DRUGA NIEDZIELA WIELKIEGO POSTU &#8211; 16 marca 2025"},"content":{"rendered":"<p><strong>OG\u0141OSZENIA DUSZPASTERSKIE<\/strong><\/p>\n<ol>\n<li>Dzi\u015b przypada druga niedziela Wielkiego Postu. W\u0142\u0105czmy si\u0119 w g\u0142\u0119bokie prze\u017cycie tego czasu przez intensywniejsz\u0105 modlitw\u0119 osobist\u0105 i\u00a0wsp\u00f3lnotow\u0105. Tej drugiej b\u0119dzie sprzyja\u0142 udzia\u0142 w nabo\u017ce\u0144stwach wielkopostnych: &#8211; w\u00a0pi\u0105tki w naszym ko\u015bciele o godz. 16.30 odprawiamy Drog\u0119 krzy\u017cow\u0105, &#8211; a w niedziele po Eucharystii o godz. 10.45 Gorzkie \u017cale. Do licznego udzia\u0142u w tych nabo\u017ce\u0144stwach zach\u0119cam wszystkich parafian: dzieci, m\u0142odzie\u017c i\u00a0doros\u0142ych. Pami\u0119tajmy o\u00a0osobistych umartwieniach, a tak\u017ce o specjalnych postanowieniach na Wielki Post<\/li>\n<li>Po Eucharystii o godz. 9.00 zapraszam na spotkanie uczni\u00f3w kl. III i IV, kt\u00f3rzy przygotowuj\u0105 si\u0119 do Pierwszej Komunii \u015awi\u0119tej i odnowienia Przyrzecze\u0144 Chrztu \u015awi\u0119tego.<\/li>\n<li>W Ko\u015bciele powszechnym prze\u017cywamy niedziel\u0119 Ad Gentes \u2013 Dzie\u0144 Modlitw, Postu i\u00a0Solidarno\u015bci z Misjonarzami. Naszymi modlitwami obejmujemy tych, kt\u00f3rzy g\u0142osz\u0105 Ewangeli\u0119 na kra\u0144cach ziemi. Oni cz\u0119sto na wz\u00f3r Chrystusa cierpi\u0105 prze\u015bladowania i p\u0142ac\u0105 najwy\u017csz\u0105 cen\u0119 z w\u0142asnego \u017cycia za swoj\u0105 pos\u0142ug\u0119. Do puszek sk\u0142adamy ofiary na dzie\u0142o pomocy Ad Gentes.<\/li>\n<li>W \u015brod\u0119, 19 marca, przypada uroczysto\u015b\u0107 \u015awi\u0119tego J\u00f3zefa, Oblubie\u0144ca Naj\u015bwi\u0119tszej Maryi Panny i opiekuna Pana Jezusa. Papie\u017c Pius IX w 1870 roku og\u0142osi\u0142 go patronem Ko\u015bcio\u0142a powszechnego i rodzin chrze\u015bcija\u0144skich.<\/li>\n<li>W duchu wielkopostnej solidarno\u015bci wspierajmy w tym czasie dzia\u0142alno\u015b\u0107 charytatywnych instytucji Ko\u015bcio\u0142a, zw\u0142aszcza Caritas, kt\u00f3ra pomaga najubo\u017cszym w ca\u0142ej Polsce oraz biednym Polakom na obczy\u017anie. Wychodz\u0105c ze \u015bwi\u0105tyni mo\u017cna kupi\u0107 baranka wielkanocnego w cenie 10,00 z\u0142otych i w ten spos\u00f3b w\u0142\u0105czy\u0107 si\u0119 do pomocy najbardziej potrzebuj\u0105cym.<\/li>\n<li>Zach\u0119cam do nabycia prasy katolickiej.<\/li>\n<\/ol>\n<p>&nbsp;<\/p>\n<p>&nbsp;<\/p>\n","protected":false},"excerpt":{"rendered":"<p>OG\u0141OSZENIA DUSZPASTERSKIE Dzi\u015b przypada druga niedziela Wielkiego Postu. W\u0142\u0105czmy si\u0119 w g\u0142\u0119bokie prze\u017cycie tego czasu przez intensywniejsz\u0105 modlitw\u0119 osobist\u0105 i\u00a0wsp\u00f3lnotow\u0105. Tej drugiej b\u0119dzie sprzyja\u0142 udzia\u0142 w nabo\u017ce\u0144stwach wielkopostnych: &#8211; w\u00a0pi\u0105tki w naszym ko\u015bciele o godz. 16.30 odprawiamy Drog\u0119 krzy\u017cow\u0105, &#8211; a w niedziele po Eucharystii o godz. 10.45 Gorzkie \u017cale. Do licznego udzia\u0142u w tych &hellip; <\/p>\n<p><a class=\"more-link btn\" href=\"https:\/\/parafiasmardzewo.pl\/?p=9937\">Kontynuuj czytanie<\/a><\/p>\n","protected":false},"author":2,"featured_media":5378,"comment_status":"open","ping_status":"open","sticky":false,"template":"","format":"standard","meta":[],"categories":[2],"tags":[],"_links":{"self":[{"href":"https:\/\/parafiasmardzewo.pl\/index.php?rest_route=\/wp\/v2\/posts\/9937"}],"collection":[{"href":"https:\/\/parafiasmardzewo.pl\/index.php?rest_route=\/wp\/v2\/posts"}],"about":[{"href":"https:\/\/parafiasmardzewo.pl\/index.php?rest_route=\/wp\/v2\/types\/post"}],"author":[{"embeddable":true,"href":"https:\/\/parafiasmardzewo.pl\/index.php?rest_route=\/wp\/v2\/users\/2"}],"replies":[{"embeddable":true,"href":"https:\/\/parafiasmardzewo.pl\/index.php?rest_route=%2Fwp%2Fv2%2Fcomments&post=9937"}],"version-history":[{"count":1,"href":"https:\/\/parafiasmardzewo.pl\/index.php?rest_route=\/wp\/v2\/posts\/9937\/revisions"}],"predecessor-version":[{"id":9938,"href":"https:\/\/parafiasmardzewo.pl\/index.php?rest_route=\/wp\/v2\/posts\/9937\/revisions\/9938"}],"wp:featuredmedia":[{"embeddable":true,"href":"https:\/\/parafiasmardzewo.pl\/index.php?rest_route=\/wp\/v2\/media\/5378"}],"wp:attachment":[{"href":"https:\/\/parafiasmardzewo.pl\/index.php?rest_route=%2Fwp%2Fv2%2Fmedia&parent=9937"}],"wp:term":[{"taxonomy":"category","embeddable":true,"href":"https:\/\/parafiasmardzewo.pl\/index.php?rest_route=%2Fwp%2Fv2%2Fcategories&post=9937"},{"taxonomy":"post_tag","embeddable":true,"href":"https:\/\/parafiasmardzewo.pl\/index.php?rest_route=%2Fwp%2Fv2%2Ftags&post=9937"}],"curies":[{"name":"wp","href":"https:\/\/api.w.org\/{rel}","templated":true}]}}