{"id":9939,"date":"2025-03-15T22:26:20","date_gmt":"2025-03-15T21:26:20","guid":{"rendered":"https:\/\/parafiasmardzewo.pl\/?p=9939"},"modified":"2025-03-15T22:26:34","modified_gmt":"2025-03-15T21:26:34","slug":"msze-swiete-od-17-23-marca-2025","status":"publish","type":"post","link":"https:\/\/parafiasmardzewo.pl\/?p=9939","title":{"rendered":"Msze \u015awi\u0119te od 17 &#8211; 23 marca 2025"},"content":{"rendered":"<p><strong>Poniedzia\u0142ek<\/strong><\/p>\n<p><strong>godz. 16.00 <\/strong>+ J\u00f3zef Marciniak \u2013 gregorianka; 2) + Jan Benedykt Wyrwich \u2013 int. p.<\/p>\n<p>17.00 O ratunek dla Polski i wype\u0142nienie si\u0119 woli Bo\u017cej w naszych wyborach\u00a0 za przyczyn\u0105 NMP Kr\u00f3lowej Polski, \u015bw. Andrzeja Boboli,\u00a0 \u015bw. Stanis\u0142awa Kostki i wszystkich naszych Patron\u00f3w, \u015bwi\u0119tych i m\u0119czennik\u00f3w.<\/p>\n<p><strong>Wtorek<\/strong><\/p>\n<p><strong>godz. 16.00 +\u00a0 <\/strong>Stanis\u0142awa i Boles\u0142aw Kr\u00f3l, dziadk\u00f3w Cejmer\u00f3w i dziadk\u00f3w Kr\u00f3l\u00f3w; 2) + gregorianka<\/p>\n<p><strong>godz. 17.00 <\/strong>W intencji Ojczyzny<\/p>\n<p><strong>\u015aroda <\/strong><\/p>\n<p><strong>godz. 16.00 + <\/strong>gregorianka<\/p>\n<p><strong>godz. 17.00<\/strong> W intencji Ojczyzny za przyczyn\u0105 \u015bw. Andrzeja Boboli i \u015bw. Stanis\u0142awa Kostki<\/p>\n<p><strong>Czwartek<\/strong><\/p>\n<p><strong>godz. 16.00 +<\/strong> J\u00f3zef i Marta Wi\u015bniewscy i braci Wi\u015bniewskich;2)<strong> \u00a0+\u00a0 <\/strong>gregorianka<strong>\u00a0\u00a0\u00a0\u00a0\u00a0\u00a0\u00a0\u00a0\u00a0\u00a0\u00a0\u00a0\u00a0\u00a0\u00a0\u00a0\u00a0\u00a0\u00a0\u00a0\u00a0\u00a0\u00a0\u00a0\u00a0\u00a0\u00a0\u00a0\u00a0\u00a0\u00a0\u00a0\u00a0\u00a0\u00a0\u00a0\u00a0\u00a0\u00a0\u00a0 <\/strong><\/p>\n<p><strong>godz. 17.00<\/strong> W intencji Ojczyzny<\/p>\n<p><strong>Pi\u0105tek<\/strong><\/p>\n<p><strong>godz. 16.30 Droga Krzy\u017cowa<\/strong><\/p>\n<p><strong>godz. 17.00 W intencji Ojczyzny; 2) + <\/strong>\u00a0gregorianka<\/p>\n<p><strong>Sobota<\/strong><\/p>\n<p><strong>godz. 15.30<\/strong> \u00a0+ gregorianka; 2)+ Juliusz Osi\u0144ski<\/p>\n<p><strong>godz. 17.00<\/strong> O ratunek dla Polski i wype\u0142nienie si\u0119 woli Bo\u017cej w naszych wyborach \u00a0za przyczyn\u0105 NMP Kr\u00f3lowej Polski, \u015bw. Andrzeja Boboli, \u00a0\u015bw. Stanis\u0142awa Kostki i wszystkich naszych Patron\u00f3w, \u015bwi\u0119tych i m\u0119czennik\u00f3w; 2) + Ks. J\u00f3zef B\u0142aszczak<\/p>\n<p><strong>Niedziela<\/strong><\/p>\n<p><strong>godz. 9.00<\/strong> \u00a0+ \u00a0Dariusz Czerniakowski \u2013 rocznica \u015bmierci (1); 2) + \u00a0Barbara Olczak \u2013 rocznica \u015bmierci (8) i Hanna Bie\u017cu\u0144ska<\/p>\n<p><strong>godz. 10.45 <\/strong>W intencji Ojczyzny; 2) O Bo\u017ce b\u0142ogos\u0142awie\u0144stwo i opiek\u0119 \u015bw. J\u00f3zefa dla ks. Kan. J\u00f3zefa Kacperskiego \u2013 int. Rodziny P. Jakubowskich z par. Kunin<\/p>\n<p>godz. 12.00 + gregorianka<\/p>\n<p><strong>godz. 16.00 <\/strong>+ \u00a0Ryszard Figaci\u0144ski, dziadk\u00f3w Figaci\u0144skich i Wi\u015bniewskich<\/p>\n<p>&nbsp;<\/p>\n","protected":false},"excerpt":{"rendered":"<p>Poniedzia\u0142ek godz. 16.00 + J\u00f3zef Marciniak \u2013 gregorianka; 2) + Jan Benedykt Wyrwich \u2013 int. p. 17.00 O ratunek dla Polski i wype\u0142nienie si\u0119 woli Bo\u017cej w naszych wyborach\u00a0 za przyczyn\u0105 NMP Kr\u00f3lowej Polski, \u015bw. Andrzeja Boboli,\u00a0 \u015bw. Stanis\u0142awa Kostki i wszystkich naszych Patron\u00f3w, \u015bwi\u0119tych i m\u0119czennik\u00f3w. Wtorek godz. 16.00 +\u00a0 Stanis\u0142awa i Boles\u0142aw Kr\u00f3l, &hellip; <\/p>\n<p><a class=\"more-link btn\" href=\"https:\/\/parafiasmardzewo.pl\/?p=9939\">Kontynuuj czytanie<\/a><\/p>\n","protected":false},"author":2,"featured_media":7552,"comment_status":"open","ping_status":"open","sticky":false,"template":"","format":"standard","meta":[],"categories":[5],"tags":[],"_links":{"self":[{"href":"https:\/\/parafiasmardzewo.pl\/index.php?rest_route=\/wp\/v2\/posts\/9939"}],"collection":[{"href":"https:\/\/parafiasmardzewo.pl\/index.php?rest_route=\/wp\/v2\/posts"}],"about":[{"href":"https:\/\/parafiasmardzewo.pl\/index.php?rest_route=\/wp\/v2\/types\/post"}],"author":[{"embeddable":true,"href":"https:\/\/parafiasmardzewo.pl\/index.php?rest_route=\/wp\/v2\/users\/2"}],"replies":[{"embeddable":true,"href":"https:\/\/parafiasmardzewo.pl\/index.php?rest_route=%2Fwp%2Fv2%2Fcomments&post=9939"}],"version-history":[{"count":1,"href":"https:\/\/parafiasmardzewo.pl\/index.php?rest_route=\/wp\/v2\/posts\/9939\/revisions"}],"predecessor-version":[{"id":9940,"href":"https:\/\/parafiasmardzewo.pl\/index.php?rest_route=\/wp\/v2\/posts\/9939\/revisions\/9940"}],"wp:featuredmedia":[{"embeddable":true,"href":"https:\/\/parafiasmardzewo.pl\/index.php?rest_route=\/wp\/v2\/media\/7552"}],"wp:attachment":[{"href":"https:\/\/parafiasmardzewo.pl\/index.php?rest_route=%2Fwp%2Fv2%2Fmedia&parent=9939"}],"wp:term":[{"taxonomy":"category","embeddable":true,"href":"https:\/\/parafiasmardzewo.pl\/index.php?rest_route=%2Fwp%2Fv2%2Fcategories&post=9939"},{"taxonomy":"post_tag","embeddable":true,"href":"https:\/\/parafiasmardzewo.pl\/index.php?rest_route=%2Fwp%2Fv2%2Ftags&post=9939"}],"curies":[{"name":"wp","href":"https:\/\/api.w.org\/{rel}","templated":true}]}}