{"id":9946,"date":"2025-03-22T23:39:18","date_gmt":"2025-03-22T22:39:18","guid":{"rendered":"https:\/\/parafiasmardzewo.pl\/?p=9946"},"modified":"2025-03-22T23:39:30","modified_gmt":"2025-03-22T22:39:30","slug":"msze-swiete-od-24-30-marca-2025","status":"publish","type":"post","link":"https:\/\/parafiasmardzewo.pl\/?p=9946","title":{"rendered":"Msze \u015awi\u0119te od 24  &#8211;  30 marca 2025"},"content":{"rendered":"<p><strong>Poniedzia\u0142ek<\/strong><\/p>\n<p><strong>godz. 16.00 <\/strong>+ J\u00f3zef Marciniak \u2013 gregorianka<\/p>\n<p>17.00 O ratunek dla Polski i wype\u0142nienie si\u0119 woli Bo\u017cej w naszych wyborach\u00a0 za przyczyn\u0105 NMP Kr\u00f3lowej Polski, \u015bw. Andrzeja Boboli,\u00a0 \u015bw. Stanis\u0142awa Kostki i wszystkich naszych Patron\u00f3w, \u015bwi\u0119tych i m\u0119czennik\u00f3w. 2) + Piotr Jasi\u0144ski \u2013 int. p.<\/p>\n<p><strong>Wtorek<\/strong><\/p>\n<p><strong>godz. 16.00 +\u00a0 <\/strong>Barbara Jegli\u0144ska \u2013 int. p; 2) + gregorianka<\/p>\n<p><strong>godz. 17.00 <\/strong>W intencji Ojczyzny<\/p>\n<p><strong>\u015aroda <\/strong><\/p>\n<p><strong>godz. 16.00 + <\/strong>gregorianka; 2) + Ryszard Kowalski \u2013 rocznica \u015bmierci (11)<\/p>\n<p><strong>godz. 17.00<\/strong> W intencji Ojczyzny za przyczyn\u0105 \u015bw. Andrzeja Boboli i \u015bw. Stanis\u0142awa Kostki<\/p>\n<p><strong>Czwartek<\/strong><\/p>\n<p><strong>godz. 16.00 \u00a0+\u00a0 <\/strong>gregorianka<strong>\u00a0\u00a0\u00a0\u00a0\u00a0\u00a0\u00a0\u00a0\u00a0\u00a0\u00a0\u00a0\u00a0\u00a0\u00a0\u00a0\u00a0\u00a0\u00a0\u00a0\u00a0\u00a0\u00a0\u00a0\u00a0\u00a0\u00a0\u00a0\u00a0\u00a0\u00a0\u00a0\u00a0\u00a0\u00a0\u00a0\u00a0\u00a0\u00a0\u00a0 <\/strong><\/p>\n<p><strong>godz. 17.00<\/strong> W intencji Ojczyzny<\/p>\n<p><strong>Pi\u0105tek<\/strong><\/p>\n<p><strong>godz. 16.30 Droga Krzy\u017cowa<\/strong><\/p>\n<p><strong>godz. 17.00 W intencji Ojczyzny; 2) + <\/strong>\u00a0gregorianka<\/p>\n<p><strong>Sobota<\/strong>\u00a0\u00a0\u00a0\u00a0\u00a0\u00a0\u00a0\u00a0\u00a0\u00a0\u00a0\u00a0\u00a0\u00a0\u00a0\u00a0\u00a0\u00a0\u00a0\u00a0\u00a0\u00a0\u00a0\u00a0\u00a0\u00a0\u00a0\u00a0\u00a0\u00a0\u00a0\u00a0\u00a0\u00a0\u00a0\u00a0\u00a0\u00a0\u00a0\u00a0\u00a0\u00a0\u00a0\u00a0\u00a0\u00a0\u00a0\u00a0\u00a0\u00a0\u00a0\u00a0\u00a0\u00a0\u00a0\u00a0\u00a0\u00a0\u00a0\u00a0\u00a0\u00a0\u00a0\u00a0\u00a0\u00a0\u00a0\u00a0\u00a0\u00a0\u00a0\u00a0\u00a0\u00a0\u00a0\u00a0\u00a0\u00a0\u00a0\u00a0\u00a0\u00a0\u00a0\u00a0\u00a0\u00a0\u00a0\u00a0\u00a0\u00a0\u00a0\u00a0\u00a0\u00a0\u00a0\u00a0\u00a0\u00a0\u00a0\u00a0\u00a0\u00a0\u00a0\u00a0\u00a0\u00a0\u00a0\u00a0\u00a0\u00a0\u00a0\u00a0\u00a0\u00a0\u00a0\u00a0\u00a0\u00a0\u00a0\u00a0\u00a0\u00a0\u00a0\u00a0\u00a0\u00a0\u00a0\u00a0\u00a0\u00a0\u00a0\u00a0\u00a0\u00a0\u00a0\u00a0\u00a0\u00a0\u00a0\u00a0\u00a0\u00a0\u00a0\u00a0\u00a0\u00a0\u00a0\u00a0\u00a0\u00a0\u00a0\u00a0\u00a0\u00a0\u00a0\u00a0\u00a0\u00a0\u00a0\u00a0 <strong>godz. 16.00<\/strong> O ratunek dla Polski i wype\u0142nienie si\u0119 woli Bo\u017cej w naszych wyborach \u00a0za przyczyn\u0105 NMP Kr\u00f3lowej Polski, \u015bw. Andrzeja Boboli, \u00a0\u015bw. Stanis\u0142awa Kostki i wszystkich naszych Patron\u00f3w, \u015bwi\u0119tych i m\u0119czennik\u00f3w; 2) + gregorianka<\/p>\n<p><strong>Niedziela<\/strong><\/p>\n<p><strong>godz. 9.00<\/strong> \u00a0+ \u00a0W\u0142adys\u0142aw Borys \u2013 rocznica \u015bmierci\u00a0 i r-c\u00f3w Romualda (k) i Henryk oraz Monika, J\u00f3zef i Stanis\u0142aw Borys\u00a0 ; 2) + gregorianka<\/p>\n<p><strong>godz. 10.45 <\/strong>W intencji Ojczyzny; 2) + Zdzis\u0142aw Wojciechowski \u2013 rocznica \u015bmierci (25)<\/p>\n<p><strong>godz. 16.00 <\/strong>Dzi\u0119kczynna i o Bo\u017ce b\u0142ogos\u0142awie\u0144stwo dla Aleksandry Piechoty; 2) + Stanis\u0142aw Mro\u015bkiewicz &#8211; rocznica (5), Marcin Owczarek, r-c\u00f3w Jan i Franciszka Wro\u0144scy, Stefania i W\u0142adys\u0142aw Mro\u015bkiewicz i zmar\u0142ych z c. rodziny Wro\u0144skich<\/p>\n<p>&nbsp;<\/p>\n<p>&nbsp;<\/p>\n","protected":false},"excerpt":{"rendered":"<p>Poniedzia\u0142ek godz. 16.00 + J\u00f3zef Marciniak \u2013 gregorianka 17.00 O ratunek dla Polski i wype\u0142nienie si\u0119 woli Bo\u017cej w naszych wyborach\u00a0 za przyczyn\u0105 NMP Kr\u00f3lowej Polski, \u015bw. Andrzeja Boboli,\u00a0 \u015bw. Stanis\u0142awa Kostki i wszystkich naszych Patron\u00f3w, \u015bwi\u0119tych i m\u0119czennik\u00f3w. 2) + Piotr Jasi\u0144ski \u2013 int. p. Wtorek godz. 16.00 +\u00a0 Barbara Jegli\u0144ska \u2013 int. p; &hellip; <\/p>\n<p><a class=\"more-link btn\" href=\"https:\/\/parafiasmardzewo.pl\/?p=9946\">Kontynuuj czytanie<\/a><\/p>\n","protected":false},"author":2,"featured_media":6946,"comment_status":"open","ping_status":"open","sticky":false,"template":"","format":"standard","meta":[],"categories":[5],"tags":[],"_links":{"self":[{"href":"https:\/\/parafiasmardzewo.pl\/index.php?rest_route=\/wp\/v2\/posts\/9946"}],"collection":[{"href":"https:\/\/parafiasmardzewo.pl\/index.php?rest_route=\/wp\/v2\/posts"}],"about":[{"href":"https:\/\/parafiasmardzewo.pl\/index.php?rest_route=\/wp\/v2\/types\/post"}],"author":[{"embeddable":true,"href":"https:\/\/parafiasmardzewo.pl\/index.php?rest_route=\/wp\/v2\/users\/2"}],"replies":[{"embeddable":true,"href":"https:\/\/parafiasmardzewo.pl\/index.php?rest_route=%2Fwp%2Fv2%2Fcomments&post=9946"}],"version-history":[{"count":1,"href":"https:\/\/parafiasmardzewo.pl\/index.php?rest_route=\/wp\/v2\/posts\/9946\/revisions"}],"predecessor-version":[{"id":9947,"href":"https:\/\/parafiasmardzewo.pl\/index.php?rest_route=\/wp\/v2\/posts\/9946\/revisions\/9947"}],"wp:featuredmedia":[{"embeddable":true,"href":"https:\/\/parafiasmardzewo.pl\/index.php?rest_route=\/wp\/v2\/media\/6946"}],"wp:attachment":[{"href":"https:\/\/parafiasmardzewo.pl\/index.php?rest_route=%2Fwp%2Fv2%2Fmedia&parent=9946"}],"wp:term":[{"taxonomy":"category","embeddable":true,"href":"https:\/\/parafiasmardzewo.pl\/index.php?rest_route=%2Fwp%2Fv2%2Fcategories&post=9946"},{"taxonomy":"post_tag","embeddable":true,"href":"https:\/\/parafiasmardzewo.pl\/index.php?rest_route=%2Fwp%2Fv2%2Ftags&post=9946"}],"curies":[{"name":"wp","href":"https:\/\/api.w.org\/{rel}","templated":true}]}}