{"id":9952,"date":"2025-03-29T21:20:13","date_gmt":"2025-03-29T20:20:13","guid":{"rendered":"https:\/\/parafiasmardzewo.pl\/?p=9952"},"modified":"2025-03-29T21:20:13","modified_gmt":"2025-03-29T20:20:13","slug":"msze-swiete-od-31-iii-6-iv-2025-roku","status":"publish","type":"post","link":"https:\/\/parafiasmardzewo.pl\/?p=9952","title":{"rendered":"Msze \u015awi\u0119te od 31 III &#8211; 6 IV 2025 roku"},"content":{"rendered":"<p><strong>Poniedzia\u0142ek<\/strong><\/p>\n<p><strong>godz. 16.00 <\/strong>+ J\u00f3zef Marciniak \u2013 gregorianka<\/p>\n<p><strong>Wtorek<\/strong><\/p>\n<p><strong>godz. 16.00 <\/strong>O \u0142ask\u0119 zdrowia i Bo\u017ce b\u0142ogos\u0142awie\u0144stwo dla Justyny<\/p>\n<p><strong>godz. 17.00 <\/strong>+ gregorianka<\/p>\n<p><strong>\u015aroda <\/strong><\/p>\n<p><strong>godz. 16.00 + <\/strong>Kazimierz Burdecki \u2013 int. p.<\/p>\n<p><strong>Czwartek<\/strong><\/p>\n<p><strong>godz. 16.00 \u00a0+\u00a0 <\/strong>Tadeusz Cuber \u2013 int. p.<\/p>\n<p><strong>Pi\u0105tek<\/strong><\/p>\n<p><strong>godz. 8.30 <\/strong>Adoracja Naj\u015bwi\u0119tszego Sakramentu<\/p>\n<p><strong>godz. 9.00 + <\/strong>Henryka (k), Kazimierz i Roman Urba\u0144scy<\/p>\n<p><strong>godz. 11.00<\/strong> + Ryszard i Henryka Szcze\u015bniewscy<\/p>\n<p><strong>godz. 17.00<\/strong> Droga krzy\u017cowa<\/p>\n<p><strong>godz. 17.30<\/strong> + Cecylia i Kazimierz Zmys\u0142owscy, Katarzyna Oleksi\u0144ska i El\u017cbieta Elbe<\/p>\n<p><strong>Sobota<\/strong>\u00a0\u00a0\u00a0\u00a0\u00a0\u00a0\u00a0\u00a0\u00a0\u00a0\u00a0\u00a0\u00a0\u00a0\u00a0\u00a0\u00a0\u00a0\u00a0\u00a0\u00a0\u00a0\u00a0\u00a0\u00a0\u00a0\u00a0\u00a0\u00a0\u00a0\u00a0\u00a0\u00a0\u00a0\u00a0\u00a0\u00a0\u00a0\u00a0\u00a0\u00a0\u00a0\u00a0\u00a0\u00a0\u00a0\u00a0\u00a0\u00a0\u00a0\u00a0\u00a0\u00a0\u00a0\u00a0\u00a0\u00a0\u00a0\u00a0\u00a0\u00a0\u00a0\u00a0\u00a0\u00a0\u00a0\u00a0\u00a0\u00a0\u00a0\u00a0\u00a0\u00a0\u00a0\u00a0\u00a0\u00a0\u00a0\u00a0\u00a0\u00a0\u00a0\u00a0\u00a0\u00a0\u00a0\u00a0\u00a0\u00a0\u00a0\u00a0\u00a0\u00a0\u00a0\u00a0\u00a0\u00a0\u00a0\u00a0\u00a0\u00a0\u00a0\u00a0\u00a0\u00a0\u00a0\u00a0\u00a0\u00a0\u00a0\u00a0\u00a0\u00a0\u00a0\u00a0\u00a0\u00a0\u00a0\u00a0\u00a0\u00a0\u00a0\u00a0\u00a0\u00a0\u00a0\u00a0\u00a0\u00a0\u00a0\u00a0\u00a0\u00a0\u00a0\u00a0\u00a0\u00a0\u00a0\u00a0\u00a0\u00a0\u00a0\u00a0\u00a0\u00a0\u00a0\u00a0\u00a0\u00a0\u00a0\u00a0\u00a0\u00a0\u00a0\u00a0\u00a0\u00a0\u00a0\u00a0\u00a0 <strong>godz. 8.40 <\/strong>R\u00f3\u017caniec<\/p>\n<p><strong>godz. 9.00<\/strong> + Bogumi\u0142a Komorowska<\/p>\n<p><strong>godz. 11.00<\/strong> + Ma\u0142gorzata Lewicka<\/p>\n<p><strong>godz. 16.40<\/strong> R\u00f3\u017caniec<\/p>\n<p><strong>godz. 17.00<\/strong> + Kazimierz Sikorski<\/p>\n<p>&nbsp;<\/p>\n<p><strong>Niedziela<\/strong><\/p>\n<p><strong>godz. 9.00<\/strong> \u00a0+ \u00a0Ryszard Wolert \u2013 imieninowa i zmar\u0142ych z rodziny Wolert\u00f3w; 2) W intencji parafian i go\u015bci<\/p>\n<p><strong>godz. 10.45 <\/strong>+ Franciszek i Wanda \u017bbikowscy; 2) + Tadeusz Bluszcz<\/p>\n<p><strong>godz. 16.00 + <\/strong>\u0141ucja, Apolinary i Marek Parzychowscy; 2) + Jan Benedykt Wyrwich<\/p>\n<p>&nbsp;<\/p>\n","protected":false},"excerpt":{"rendered":"<p>Poniedzia\u0142ek godz. 16.00 + J\u00f3zef Marciniak \u2013 gregorianka Wtorek godz. 16.00 O \u0142ask\u0119 zdrowia i Bo\u017ce b\u0142ogos\u0142awie\u0144stwo dla Justyny godz. 17.00 + gregorianka \u015aroda godz. 16.00 + Kazimierz Burdecki \u2013 int. p. Czwartek godz. 16.00 \u00a0+\u00a0 Tadeusz Cuber \u2013 int. p. Pi\u0105tek godz. 8.30 Adoracja Naj\u015bwi\u0119tszego Sakramentu godz. 9.00 + Henryka (k), Kazimierz i Roman &hellip; <\/p>\n<p><a class=\"more-link btn\" href=\"https:\/\/parafiasmardzewo.pl\/?p=9952\">Kontynuuj czytanie<\/a><\/p>\n","protected":false},"author":2,"featured_media":8818,"comment_status":"open","ping_status":"open","sticky":false,"template":"","format":"standard","meta":[],"categories":[5],"tags":[],"_links":{"self":[{"href":"https:\/\/parafiasmardzewo.pl\/index.php?rest_route=\/wp\/v2\/posts\/9952"}],"collection":[{"href":"https:\/\/parafiasmardzewo.pl\/index.php?rest_route=\/wp\/v2\/posts"}],"about":[{"href":"https:\/\/parafiasmardzewo.pl\/index.php?rest_route=\/wp\/v2\/types\/post"}],"author":[{"embeddable":true,"href":"https:\/\/parafiasmardzewo.pl\/index.php?rest_route=\/wp\/v2\/users\/2"}],"replies":[{"embeddable":true,"href":"https:\/\/parafiasmardzewo.pl\/index.php?rest_route=%2Fwp%2Fv2%2Fcomments&post=9952"}],"version-history":[{"count":1,"href":"https:\/\/parafiasmardzewo.pl\/index.php?rest_route=\/wp\/v2\/posts\/9952\/revisions"}],"predecessor-version":[{"id":9953,"href":"https:\/\/parafiasmardzewo.pl\/index.php?rest_route=\/wp\/v2\/posts\/9952\/revisions\/9953"}],"wp:featuredmedia":[{"embeddable":true,"href":"https:\/\/parafiasmardzewo.pl\/index.php?rest_route=\/wp\/v2\/media\/8818"}],"wp:attachment":[{"href":"https:\/\/parafiasmardzewo.pl\/index.php?rest_route=%2Fwp%2Fv2%2Fmedia&parent=9952"}],"wp:term":[{"taxonomy":"category","embeddable":true,"href":"https:\/\/parafiasmardzewo.pl\/index.php?rest_route=%2Fwp%2Fv2%2Fcategories&post=9952"},{"taxonomy":"post_tag","embeddable":true,"href":"https:\/\/parafiasmardzewo.pl\/index.php?rest_route=%2Fwp%2Fv2%2Ftags&post=9952"}],"curies":[{"name":"wp","href":"https:\/\/api.w.org\/{rel}","templated":true}]}}