{"id":9954,"date":"2025-03-29T21:26:27","date_gmt":"2025-03-29T20:26:27","guid":{"rendered":"https:\/\/parafiasmardzewo.pl\/?p=9954"},"modified":"2025-03-29T21:27:19","modified_gmt":"2025-03-29T20:27:19","slug":"program-rekolekcji-wielkopostnych-w-par-smardzewo-w-dniach-4-6-iv-2025","status":"publish","type":"post","link":"https:\/\/parafiasmardzewo.pl\/?p=9954","title":{"rendered":"PROGRAM REKOLEKCJI WIELKOPOSTNYCH W PAR. SMARDZEWO W DNIACH 4-6 IV 2025"},"content":{"rendered":"<p><strong>Pi\u0105tek \u2013 4 kwietnia<\/strong><\/p>\n<p>godz. 8.45 Koronka do Mi\u0142osierdzia Bo\u017cego<\/p>\n<p>godz. 9.00 Msza \u015bw. z udzia\u0142em dzieci.<\/p>\n<p>godz. 11.00 Msza \u015bw. z udzia\u0142em ludzi starszych i chorych.<\/p>\n<p>godz. 17.00 Droga krzy\u017cowa.<\/p>\n<p>godz. 17.30 Msza \u015bw. z kazaniem og\u00f3lnym.<\/p>\n<p><strong>Sobota \u2013 5 kwietnia <\/strong><\/p>\n<p>godz. 8. 40 R\u00f3\u017caniec<\/p>\n<p>godz. 9.00 Msza \u015bw. z kazaniem og\u00f3lnym.<\/p>\n<p>godz. 11.00 Msza \u015bw. z udzia\u0142em dzieci.<\/p>\n<p>godz. 16.40 R\u00f3\u017caniec<\/p>\n<p>godz.17.00 Msza \u015bw. z kazaniem og\u00f3lnym; po Mszy \u015bw. nauka stanowa dla m\u0142odzie\u017cy (kandydaci do bierzmowania).<\/p>\n<p><strong>Niedziela \u2013 6 kwietnia<\/strong><\/p>\n<p>godz. 9.00 Msza \u015bw. z kazaniem og\u00f3lnym.<\/p>\n<p>godz. 10.45 Msza \u015bw. z kazaniem og\u00f3lnym.<\/p>\n<p>godz. 16.00 Msza \u015bw. z kazaniem og\u00f3lnym.<\/p>\n<p>&nbsp;<\/p>\n<ol>\n<li><strong><em> Wyjazd do chorych w sobot\u0119 od godz. 14.00.<\/em><\/strong><\/li>\n<li><strong><em> Spowied\u017a w pi\u0105tek i sobot\u0119 p\u00f3\u0142 godziny przed ka\u017cdym nabo\u017ce\u0144stwem.<\/em><\/strong><\/li>\n<\/ol>\n<p><strong><em>Przygotowanie mieszkania chorego na przybycie kap\u0142ana.<\/em><\/strong><\/p>\n<ol>\n<li><em> St\u00f3\u0142 nakryty bia\u0142ym obrusem, a na nim postawiony krzy\u017c (pasyjka) i dwie zapalone \u015bwiece.<\/em><\/li>\n<li><em> Na stole umie\u015bci\u0107 naczynie z wod\u0105 \u015bwi\u0119con\u0105, kropid\u0142o, szklank\u0119 z wod\u0105 i \u0142y\u017ck\u0119.<\/em><\/li>\n<li><em> Na talerzyku po\u0142o\u017cy\u0107 sk\u00f3rk\u0119 chleba, odrobin\u0119 soli i kilka kulek waty.<\/em><\/li>\n<li><em> Je\u017celi kap\u0142an przybywa do chorego tylko z Komuni\u0105 \u015bw. wtedy na st\u00f3\u0142 nakryty bia\u0142ym obrusem, stawiamy krzy\u017c, obok dwie zapalone \u015bwiece i naczynie z wod\u0105 \u015bwi\u0119con\u0105 oraz kropid\u0142o.<\/em><\/li>\n<\/ol>\n<p><em>\u00a0Wszyscy domownicy (a nawet s\u0105siedzi) powinni wzi\u0105\u0107 udzia\u0142 w obrz\u0119dzie namaszczenia chorego. Po przybyciu kap\u0142ana z Naj\u015bwi\u0119tszym Sakramentem domownicy wychodz\u0105 z zapalonymi gromnicami (wskazany jest \u015bpiew pie\u015bni eucharystycznych) przed dom na powitanie Chrystusa Eucharystycznego.<\/em><\/p>\n<p><em>Kierowca wioz\u0105cy kap\u0142ana z Naj\u015bwi\u0119tszym Sakramentem powinien zachowa\u0107 milczenie (nie w\u0142\u0105cza\u0107 radia, nie pali\u0107 papieros\u00f3w)<\/em><\/p>\n<p><strong><em>Katolicy, kt\u00f3rzy zaniedbuj\u0105 wezwa\u0107 kap\u0142ana do chorego, pope\u0142niaj\u0105 grzech ci\u0119\u017cki, poniewa\u017c chorego nara\u017caj\u0105 na utrat\u0119 wiecznego zbawienia.<\/em><\/strong><\/p>\n<p><em>\u00a0<\/em><\/p>\n","protected":false},"excerpt":{"rendered":"<p>Pi\u0105tek \u2013 4 kwietnia godz. 8.45 Koronka do Mi\u0142osierdzia Bo\u017cego godz. 9.00 Msza \u015bw. z udzia\u0142em dzieci. godz. 11.00 Msza \u015bw. z udzia\u0142em ludzi starszych i chorych. godz. 17.00 Droga krzy\u017cowa. godz. 17.30 Msza \u015bw. z kazaniem og\u00f3lnym. Sobota \u2013 5 kwietnia godz. 8. 40 R\u00f3\u017caniec godz. 9.00 Msza \u015bw. z kazaniem og\u00f3lnym. godz. 11.00 &hellip; <\/p>\n<p><a class=\"more-link btn\" href=\"https:\/\/parafiasmardzewo.pl\/?p=9954\">Kontynuuj czytanie<\/a><\/p>\n","protected":false},"author":2,"featured_media":7544,"comment_status":"open","ping_status":"open","sticky":false,"template":"","format":"standard","meta":[],"categories":[1],"tags":[],"_links":{"self":[{"href":"https:\/\/parafiasmardzewo.pl\/index.php?rest_route=\/wp\/v2\/posts\/9954"}],"collection":[{"href":"https:\/\/parafiasmardzewo.pl\/index.php?rest_route=\/wp\/v2\/posts"}],"about":[{"href":"https:\/\/parafiasmardzewo.pl\/index.php?rest_route=\/wp\/v2\/types\/post"}],"author":[{"embeddable":true,"href":"https:\/\/parafiasmardzewo.pl\/index.php?rest_route=\/wp\/v2\/users\/2"}],"replies":[{"embeddable":true,"href":"https:\/\/parafiasmardzewo.pl\/index.php?rest_route=%2Fwp%2Fv2%2Fcomments&post=9954"}],"version-history":[{"count":2,"href":"https:\/\/parafiasmardzewo.pl\/index.php?rest_route=\/wp\/v2\/posts\/9954\/revisions"}],"predecessor-version":[{"id":9956,"href":"https:\/\/parafiasmardzewo.pl\/index.php?rest_route=\/wp\/v2\/posts\/9954\/revisions\/9956"}],"wp:featuredmedia":[{"embeddable":true,"href":"https:\/\/parafiasmardzewo.pl\/index.php?rest_route=\/wp\/v2\/media\/7544"}],"wp:attachment":[{"href":"https:\/\/parafiasmardzewo.pl\/index.php?rest_route=%2Fwp%2Fv2%2Fmedia&parent=9954"}],"wp:term":[{"taxonomy":"category","embeddable":true,"href":"https:\/\/parafiasmardzewo.pl\/index.php?rest_route=%2Fwp%2Fv2%2Fcategories&post=9954"},{"taxonomy":"post_tag","embeddable":true,"href":"https:\/\/parafiasmardzewo.pl\/index.php?rest_route=%2Fwp%2Fv2%2Ftags&post=9954"}],"curies":[{"name":"wp","href":"https:\/\/api.w.org\/{rel}","templated":true}]}}