{"id":9958,"date":"2025-04-05T21:37:00","date_gmt":"2025-04-05T19:37:00","guid":{"rendered":"https:\/\/parafiasmardzewo.pl\/?p=9958"},"modified":"2025-04-05T21:37:00","modified_gmt":"2025-04-05T19:37:00","slug":"piata-niedziela-wielkiego-tygodnia-6-kwietnia-2025","status":"publish","type":"post","link":"https:\/\/parafiasmardzewo.pl\/?p=9958","title":{"rendered":"PI\u0104TA NIEDZIELA WIELKIEGO TYGODNIA &#8211; 6 kwietnia 2025"},"content":{"rendered":"<p><strong>OG\u0141OSZENIA DUSZPASTERSKIE<\/strong><\/p>\n<ol>\n<li>Od dzisiejszej \u2013 pi\u0105tej niedzieli Wielkiego Postu \u2013 zmienia si\u0119 charakter tego okresu liturgicznego. Ca\u0142y czas towarzyszy\u0142o nam wezwanie Ko\u015bcio\u0142a do nawr\u00f3cenia i pokuty, skorzystania z \u0142aski przebaczenia, kt\u00f3r\u0105 mi\u0142osierny B\u00f3g pragnie nas obdarzy\u0107. Teraz Wielki Post nabiera charakteru pasyjnego. Od dzi\u015b do ko\u0144ca obrz\u0119d\u00f3w Wielkiego Pi\u0105tku w ko\u015bciele zas\u0142aniamy wszystkie krzy\u017ce. Skupimy si\u0119 na rozwa\u017caniu m\u0119ki Pa\u0144skiej, st\u0105d jeszcze wi\u0119ksza zach\u0119ta do udzia\u0142u w nabo\u017ce\u0144stwach Drogi krzy\u017cowej i Gorzkich \u017cali. Apel ten kieruj\u0119 zw\u0142aszcza do tych, kt\u00f3rzy jeszcze w tym roku nie uczestniczyli w tych pi\u0119knych pasyjnych nabo\u017ce\u0144stwach.<\/li>\n<li>Ko\u0144czymy dzisiaj rekolekcje wielkopostne, kt\u00f3re maj\u0105 nas przygotowa\u0107 do dobrego prze\u017cycia \u015bwi\u0105t M\u0119ki, \u015bmierci i Zmartwychwstania Pana Jezusa. Dzi\u0119kujemy przede wszystkim Panu Bogu i Matce Naj\u015bwi\u0119tszej za ten \u015bwi\u0119ty czas\u00a0 \u0142aski i pog\u0142\u0119bienia naszej przyja\u017ani z Bogiem. Dzi\u0119kuj\u0119 bardzo serdecznie o. Grzegorzowi, redemptory\u015bcie, kt\u00f3ry przez trzy dni gorliwie g\u0142osi\u0142 s\u0142owo Bo\u017ce, przewodniczy\u0142 modlitwom i sprawowa\u0142 Naj\u015bwi\u0119tsza Ofiar\u0119. Ojciec misjonarz przyby\u0142 do nas z Braniewa, gdzie jest prze\u0142o\u017conym wsp\u00f3lnoty redemptoryst\u00f3w. Opr\u00f3cz pracy misyjnej o Grzegorz kieruje pracami remontowymi przy odbudowie budynk\u00f3w klasztornych, kt\u00f3re uleg\u0142y zniszczeniu na skutek po\u017caru. \u017bycz\u0119 ojcu Grzegorzowi Bo\u017cego b\u0142ogos\u0142awie\u0144stwa w pracy misyjnej oraz\u00a0 du\u017co si\u0142y i wytrwa\u0142o\u015bci w tej pracy remontowej. Dzi\u0119kuj\u0119 pracownikom ko\u015bcielnym: panu\u00a0 organi\u015bcie, Stefanowi Godlewskiemu i panu ko\u015bcielnemu, Wincentemu Sta\u0144czakowi\u00a0 za ich pos\u0142ug\u0119. Dzi\u0119kuj\u0119 s\u0142u\u017cbie liturgicznej. Dzi\u0119kuj\u0119\u00a0 pani Ewie Felczak za przygotowanie posi\u0142k\u00f3w dla ksi\u0119\u017cy. Pani Danucie Kr\u00f3l dzi\u0119kuje za sprz\u0105tanie ko\u015bcio\u0142a. Pa\u0144stwu Gierkowskim dzi\u0119kuj\u0119 za posadzenie kwiat\u00f3w przed ko\u015bcio\u0142em.<\/li>\n<li>W naszym ko\u015bciele nabo\u017ce\u0144stwo Drogi krzy\u017cowej w pi\u0105tek o godz. 16.30, a Gorzkie \u017cale \u2013 w niedziel\u0119 o godz. 10.45. Przypominam, \u017ce za udzia\u0142 w tych nabo\u017ce\u0144stwach pod zwyk\u0142ymi warunkami mo\u017cna uzyska\u0107 odpusty dla siebie lub dla bliskich zmar\u0142ych, skorzystajmy z tego wyj\u0105tkowego daru \u0142aski Bo\u017cej!<\/li>\n<li>W czwartek, 10 kwietnia, przypada kolejna \u2013 15. rocznica katastrofy smole\u0144skiej. B\u0119dziemy si\u0119 modli\u0107 za wszystkich, kt\u00f3rzy zgin\u0119li pod Smole\u0144skim, aby mi\u0142osierny B\u00f3g obdarzy\u0142 ich \u017cyciem wiecznym.<\/li>\n<li>Przysz\u0142a niedziela, 13 kwietnia, b\u0119dzie ju\u017c Niedziel\u0105 M\u0119ki Pa\u0144skiej \u2013 Niedziel\u0105 Palmow\u0105. Jej liturgia wprowadzi nas w ostatni etap czasu Wielkiego Postu, a nast\u0119puj\u0105ce po niej dni Wielkiego Tygodnia umo\u017cliwiaj\u0105 nam g\u0142\u0119bokie prze\u017cywanie tajemnicy M\u0119ki, \u015amierci i\u00a0Zmartwychwstania Chrystusa Pana. Podczas ka\u017cdej Mszy \u015awi\u0119tej pob\u0142ogos\u0142awimy przyniesione palmy i ga\u0142\u0105zki wierzbowe, kt\u00f3re b\u0119d\u0105 przypomina\u0142y jerozolimskie palmy, s\u0142ane pod stopy wje\u017cd\u017caj\u0105cego do \u015awi\u0119tego Miasta Chrystusa \u2013 Mesjasza. A liturgi\u0119 g\u0142\u00f3wnej Mszy \u015awi\u0119tej o godz. 10.45 poprzedzi uroczysta procesja z palmami.<\/li>\n<li>Na kwiaty do Grobu Pa\u0144skiego z\u0142o\u017cono ofiary z nast\u0119puj\u0105cych miejscowo\u015bci; K\u0119pa \u2013 780, 00 z\u0142, Milewo cz. I od p. (Sta\u0144czaka) \u2013 450,00 z\u0142, Milewo cz. II \u2013 560,00 z\u0142,\u00a0 Smardzewo Kolonia \u2013 260,00 z\u0142, Koliszewo Po\u0142udnie \u2013 360,00 z\u0142, S\u0142oszewo Kolonia \u2013 390,00 z\u0142, Wierzb\u00f3wiec \u2013 550,00 z\u0142, S\u0142oszewo \u2013 150,00 z\u0142 (dwie rodziny). Serdeczne B\u00f3g zap\u0142a\u0107 ofiarodawcom.<\/li>\n<li>Zach\u0119cam do nabycia prasy katolickiej.<\/li>\n<\/ol>\n<p>&nbsp;<\/p>\n","protected":false},"excerpt":{"rendered":"<p>OG\u0141OSZENIA DUSZPASTERSKIE Od dzisiejszej \u2013 pi\u0105tej niedzieli Wielkiego Postu \u2013 zmienia si\u0119 charakter tego okresu liturgicznego. Ca\u0142y czas towarzyszy\u0142o nam wezwanie Ko\u015bcio\u0142a do nawr\u00f3cenia i pokuty, skorzystania z \u0142aski przebaczenia, kt\u00f3r\u0105 mi\u0142osierny B\u00f3g pragnie nas obdarzy\u0107. Teraz Wielki Post nabiera charakteru pasyjnego. Od dzi\u015b do ko\u0144ca obrz\u0119d\u00f3w Wielkiego Pi\u0105tku w ko\u015bciele zas\u0142aniamy wszystkie krzy\u017ce. Skupimy &hellip; <\/p>\n<p><a class=\"more-link btn\" href=\"https:\/\/parafiasmardzewo.pl\/?p=9958\">Kontynuuj czytanie<\/a><\/p>\n","protected":false},"author":2,"featured_media":2833,"comment_status":"open","ping_status":"open","sticky":false,"template":"","format":"standard","meta":[],"categories":[2],"tags":[],"_links":{"self":[{"href":"https:\/\/parafiasmardzewo.pl\/index.php?rest_route=\/wp\/v2\/posts\/9958"}],"collection":[{"href":"https:\/\/parafiasmardzewo.pl\/index.php?rest_route=\/wp\/v2\/posts"}],"about":[{"href":"https:\/\/parafiasmardzewo.pl\/index.php?rest_route=\/wp\/v2\/types\/post"}],"author":[{"embeddable":true,"href":"https:\/\/parafiasmardzewo.pl\/index.php?rest_route=\/wp\/v2\/users\/2"}],"replies":[{"embeddable":true,"href":"https:\/\/parafiasmardzewo.pl\/index.php?rest_route=%2Fwp%2Fv2%2Fcomments&post=9958"}],"version-history":[{"count":1,"href":"https:\/\/parafiasmardzewo.pl\/index.php?rest_route=\/wp\/v2\/posts\/9958\/revisions"}],"predecessor-version":[{"id":9959,"href":"https:\/\/parafiasmardzewo.pl\/index.php?rest_route=\/wp\/v2\/posts\/9958\/revisions\/9959"}],"wp:featuredmedia":[{"embeddable":true,"href":"https:\/\/parafiasmardzewo.pl\/index.php?rest_route=\/wp\/v2\/media\/2833"}],"wp:attachment":[{"href":"https:\/\/parafiasmardzewo.pl\/index.php?rest_route=%2Fwp%2Fv2%2Fmedia&parent=9958"}],"wp:term":[{"taxonomy":"category","embeddable":true,"href":"https:\/\/parafiasmardzewo.pl\/index.php?rest_route=%2Fwp%2Fv2%2Fcategories&post=9958"},{"taxonomy":"post_tag","embeddable":true,"href":"https:\/\/parafiasmardzewo.pl\/index.php?rest_route=%2Fwp%2Fv2%2Ftags&post=9958"}],"curies":[{"name":"wp","href":"https:\/\/api.w.org\/{rel}","templated":true}]}}