{"id":9967,"date":"2025-04-12T21:55:07","date_gmt":"2025-04-12T19:55:07","guid":{"rendered":"https:\/\/parafiasmardzewo.pl\/?p=9967"},"modified":"2025-04-12T21:55:07","modified_gmt":"2025-04-12T19:55:07","slug":"niedziela-palmowa-czyli-meki-panskiej-13-kwietnia-2025","status":"publish","type":"post","link":"https:\/\/parafiasmardzewo.pl\/?p=9967","title":{"rendered":"NIEDZIELA PALMOWA, CZYLI M\u0118KI PA\u0143SKIEJ &#8211; 13 kwietnia 2025"},"content":{"rendered":"<h2><strong>OG\u0141OSZENIA DUSZPASTERSKIE<\/strong><\/h2>\n<ol>\n<li>Przes\u0142anie Niedzieli Palmowej, czyli niedzieli M\u0119ki Pa\u0144skiej, mo\u017cna stre\u015bci\u0107 w dw\u00f3ch s\u0142owach: <strong>hosanna i ukrzy\u017cuj Go!<\/strong> Ukazuj\u0105 one postaw\u0119 ludzi wobec Chrystusa. Najpierw oddaj\u0105 Mu ho\u0142d, a potem pragn\u0105 Jego \u015bmierci. Rozpoczynaj\u0105c Wielki Tydzie\u0144, starajmy si\u0119 nie pozostawa\u0107 oboj\u0119tni na wydarzenia, kt\u00f3re b\u0119dziemy na nowo prze\u017cywali i uobecniali w liturgii<strong>. Dzisiaj, w Niedziel\u0119 Palmow\u0105 b\u0119dzie po\u015bwi\u0119cenie palm podczas ka\u017cdej Mszy \u015awi\u0119tej: godz. 9.00 \u2013 10.45 \u2013 16.00 .<\/strong><\/li>\n<li>W Wielki Czwartek w naszej, p\u0142ockiej, katedrze biskup ordynariusz wraz z kap\u0142anami podczas uroczystej Mszy \u015awi\u0119tej o godz. 10.00 dokonuje po\u015bwi\u0119cenia oleju krzy\u017cma do sprawowania sakrament\u00f3w \u015bwi\u0119tych: chrztu, bierzmowania, \u015bwi\u0119ce\u0144 kap\u0142a\u0144skich i oleju chorych do namaszczenia chorych.<\/li>\n<li>Od czwartkowego wieczoru rozpoczyna si\u0119 obch\u00f3d Triduum Paschalnego. Msza Wieczerzy Pa\u0144skiej \u2013 pami\u0105tka Ostatniej Wieczerzy i ustanowienia sakrament\u00f3w Eucharystii i kap\u0142a\u0144stwa \u2013 <strong>o godz.17. 00<\/strong>. Po Eucharystii b\u0119dzie przeniesienie Pana Jezusa do O\u0142tarza Wystawienia czyli \u201eCiemnicy\u201d. W Wielki Czwartek zapraszam wszystkich parafian i go\u015bci do uczestnictwa w Eucharystii, ale szczeg\u00f3lnie zapraszam dzieci kl. III i IV wraz z rodzicami.<\/li>\n<li>W Wielki Pi\u0105tek \u2013 w dzie\u0144 m\u0119ki i \u015bmierci Zbawiciela na krzy\u017cu \u2013 <strong>o godz.17.00 <\/strong>b\u0119dzie sprawowana liturgia M\u0119ki Pa\u0144skiej z uczczeniem krzy\u017ca i Komuni\u0105 \u015bw. Po jej zako\u0144czeniu, zgodnie ze staropolsk\u0105 tradycj\u0105, b\u0119dziemy czuwa\u0107 przy Grobie Pa\u0144skim do godz. 20.00. W tym dniu nie sprawuje si\u0119 Mszy \u015awi\u0119tej.<\/li>\n<li>W Wielk\u0105 Sobot\u0119 b\u0119dzie b\u0142ogos\u0142awie\u0144stwo pokarm\u00f3w na st\u00f3\u0142 wielkanocny, wed\u0142ug nast\u0119puj\u0105cego porz\u0105dku:<strong> 10.00 \u2013 11.00 \u2013 12.00 &#8211; 13.00- 14.00 i 19.30, po Liturgii Wielkiej Soboty.<\/strong><\/li>\n<li>W Wielk\u0105 Sobot\u0119 mieszka\u0144cy poszczeg\u00f3lnych miejscowo\u015bci b\u0119d\u0105 trwali na adoracji przy Grobie Pa\u0144skim. Kolejno\u015b\u0107 poszczeg\u00f3lnych miejscowo\u015bci jest na stronie internetowej parafii i w kruchcie ko\u015bcio\u0142a.<strong> B\u0119dzie te\u017c mo\u017cliwo\u015b\u0107 korzystania z sakramentu pokuty. Spowied\u017a b\u0119dzie w sobot\u0119 przed i po b\u0142ogos\u0142awie\u0144stwie pokarm\u00f3w w w\/w godzinach.<\/strong><\/li>\n<li>Uroczysto\u015bci Wigilii Paschalnej rozpoczn\u0105 si\u0119 <strong>o godz. 18.00<\/strong> od po\u015bwi\u0119cenia ognia i zapalenia \u015bwiecy paschalnej przed ko\u015bcio\u0142em. Podczas liturgii odnowione zostan\u0105 przyrzeczenia chrzcielne i z rado\u015bci\u0105 og\u0142osimy zmartwychwstanie Pana Jezusa. <strong>Liturgi\u0119 <em>\u00a0<\/em>dope\u0142ni w niedzielny poranek o godz. 6.00 Msza \u015awi\u0119ta rezurekcyjna z procesj\u0105 wok\u00f3\u0142 ko\u015bcio\u0142a. Zapraszam asyst\u0119 procesyjn\u0105 na rezurekcj\u0119. Podobnie jak w latach ubieg\u0142ych zapraszam stra\u017cak\u00f3w, wszystkie jednostki \u2013 K\u0119pa, Milewo, S\u0142oszewo Kolonia i Smardzewo, do trwania na adoracji przy Grobie Pa\u0144skim. W Wielk\u0105 Sobot\u0119, w ci\u0105gu dnia, b\u0119dzie adorowa\u0107 przy Grobie Pa\u0144skim M\u0142odzie\u017cowa Dru\u017cyna Po\u017carnicza OSP Smardzewo. Kolejne Msze \u015awi\u0119te w\u00a0 Niedziel\u0119 wielkanocn\u0105 b\u0119d\u0105 sprawowane o godz. 10.45 i 16.00<\/strong>. Triduum Paschalne trwa do niedzielnego wieczoru. <strong>W poniedzia\u0142ek wielkanocny porz\u0105dek Mszy \u015awi\u0119tych jak w ka\u017cd\u0105 niedziel\u0119: godz. 9.00 \u2013 10.45 \u2013 16.00<\/strong><\/li>\n<li>Od Wielkiego Pi\u0105tku rozpoczyna si\u0119 Nowenna do Mi\u0142osierdzia Bo\u017cego. B\u0119dziemy modli\u0107 si\u0119 o godz. 20.00 (pi\u0105tek i sobota), w pozosta\u0142e dni przed Msz\u0105 \u015awi\u0119t\u0105 wieczorow\u0105.<\/li>\n<li>Bardzo serdecznie dzi\u0119kuj\u0119 rodzinom, kt\u00f3re w ostatnim czasie z\u0142o\u017cy\u0142y ofiary na kwiaty do Grobu Pana Jezusa.<\/li>\n<li>Diecezja p\u0142ocka \u015bwi\u0119tuje 950 lat swego istnienia. Z tej racji powsta\u0142a \u201eKsi\u0119ga wdzi\u0119czno\u015bci diecezji p\u0142ockiej dla Ojca \u015awi\u0119tego\u201d. Celem ksi\u0119gi jest wyra\u017cenie wdzi\u0119czno\u015bci Stolicy Apostolskiej na r\u0119ce Ojca \u015awi\u0119tego za dziewi\u0119\u0107 i p\u00f3\u0142 wiek\u00f3w przepe\u0142nionych szacunkiem relacji diecezji p\u0142ockiej z Nast\u0119pcami \u015bw. Piotra. Ka\u017cda osoba sk\u0142adaj\u0105ca na karcie podpis wyra\u017ca swoje przywi\u0105zanie do wiary w Boga i wi\u0119\u017a z Namiestnikiem Chrystusa na ziemi. W zakrystii mo\u017cna z\u0142o\u017cy\u0107 sw\u00f3j podpis w tej ksi\u0119dze.<\/li>\n<li>W \u015brod\u0119, 16 kwietnia na godz. 17.00, zapraszam ministrant\u00f3w na spotkanie do ko\u015bcio\u0142a.<\/li>\n<li>Niech Chrystus, nasz Zbawiciel, b\u0142ogos\u0142awi solenizantom i jubilatom Wielkiego Tygodnia.<\/li>\n<li>Zach\u0119cam do nabycia prasy katolickiej.<\/li>\n<\/ol>\n<p>&nbsp;<\/p>\n<p>&nbsp;<\/p>\n<p><strong>\u00a0<\/strong><\/p>\n<p>&nbsp;<\/p>\n<p>&nbsp;<\/p>\n<p>&nbsp;<\/p>\n<p>&nbsp;<\/p>\n<p>&nbsp;<\/p>\n<p>&nbsp;<\/p>\n<p>&nbsp;<\/p>\n<p>&nbsp;<\/p>\n","protected":false},"excerpt":{"rendered":"<p>OG\u0141OSZENIA DUSZPASTERSKIE Przes\u0142anie Niedzieli Palmowej, czyli niedzieli M\u0119ki Pa\u0144skiej, mo\u017cna stre\u015bci\u0107 w dw\u00f3ch s\u0142owach: hosanna i ukrzy\u017cuj Go! Ukazuj\u0105 one postaw\u0119 ludzi wobec Chrystusa. Najpierw oddaj\u0105 Mu ho\u0142d, a potem pragn\u0105 Jego \u015bmierci. Rozpoczynaj\u0105c Wielki Tydzie\u0144, starajmy si\u0119 nie pozostawa\u0107 oboj\u0119tni na wydarzenia, kt\u00f3re b\u0119dziemy na nowo prze\u017cywali i uobecniali w liturgii. Dzisiaj, w Niedziel\u0119 &hellip; <\/p>\n<p><a class=\"more-link btn\" href=\"https:\/\/parafiasmardzewo.pl\/?p=9967\">Kontynuuj czytanie<\/a><\/p>\n","protected":false},"author":2,"featured_media":5378,"comment_status":"open","ping_status":"open","sticky":false,"template":"","format":"standard","meta":[],"categories":[2],"tags":[],"_links":{"self":[{"href":"https:\/\/parafiasmardzewo.pl\/index.php?rest_route=\/wp\/v2\/posts\/9967"}],"collection":[{"href":"https:\/\/parafiasmardzewo.pl\/index.php?rest_route=\/wp\/v2\/posts"}],"about":[{"href":"https:\/\/parafiasmardzewo.pl\/index.php?rest_route=\/wp\/v2\/types\/post"}],"author":[{"embeddable":true,"href":"https:\/\/parafiasmardzewo.pl\/index.php?rest_route=\/wp\/v2\/users\/2"}],"replies":[{"embeddable":true,"href":"https:\/\/parafiasmardzewo.pl\/index.php?rest_route=%2Fwp%2Fv2%2Fcomments&post=9967"}],"version-history":[{"count":1,"href":"https:\/\/parafiasmardzewo.pl\/index.php?rest_route=\/wp\/v2\/posts\/9967\/revisions"}],"predecessor-version":[{"id":9968,"href":"https:\/\/parafiasmardzewo.pl\/index.php?rest_route=\/wp\/v2\/posts\/9967\/revisions\/9968"}],"wp:featuredmedia":[{"embeddable":true,"href":"https:\/\/parafiasmardzewo.pl\/index.php?rest_route=\/wp\/v2\/media\/5378"}],"wp:attachment":[{"href":"https:\/\/parafiasmardzewo.pl\/index.php?rest_route=%2Fwp%2Fv2%2Fmedia&parent=9967"}],"wp:term":[{"taxonomy":"category","embeddable":true,"href":"https:\/\/parafiasmardzewo.pl\/index.php?rest_route=%2Fwp%2Fv2%2Fcategories&post=9967"},{"taxonomy":"post_tag","embeddable":true,"href":"https:\/\/parafiasmardzewo.pl\/index.php?rest_route=%2Fwp%2Fv2%2Ftags&post=9967"}],"curies":[{"name":"wp","href":"https:\/\/api.w.org\/{rel}","templated":true}]}}