{"id":9969,"date":"2025-04-12T22:24:42","date_gmt":"2025-04-12T20:24:42","guid":{"rendered":"https:\/\/parafiasmardzewo.pl\/?p=9969"},"modified":"2025-04-12T22:24:42","modified_gmt":"2025-04-12T20:24:42","slug":"msze-swiete-od-14-20-kwietnia-2025-roku","status":"publish","type":"post","link":"https:\/\/parafiasmardzewo.pl\/?p=9969","title":{"rendered":"Msze \u015awi\u0119te od 14 &#8211; 20 kwietnia 2025 roku"},"content":{"rendered":"<p><strong>Poniedzia\u0142ek\u00a0<\/strong><\/p>\n<p><strong>godz. 16.00 <\/strong>+ \u00a0Stanis\u0142awa, Henryk i Ireneusz Szyma\u0144scy; 2) O Bo\u017ce b\u0142ogos\u0142awie\u0144stwo dla Joanny i Andrzeja<\/p>\n<p><strong>Wtorek<\/strong><\/p>\n<p><strong>godz. 16.00 <\/strong>Dzi\u0119kczynna i o Bo\u017ce b\u0142ogos\u0142awie\u0144stwo z racji urodzin Beaty; 2) O Bo\u017ce b\u0142ogos\u0142awie\u0144stwo dla Joanny i Andrzeja<\/p>\n<p><strong>\u015aroda <\/strong><\/p>\n<p><strong>godz. 16.00 + <\/strong>Aniela i Apolinary Koci\u0144scy; 2) O Bo\u017ce b\u0142ogos\u0142awie\u0144stwo dla Joanny i Andrzeja<\/p>\n<p><strong>Czwartek<\/strong><\/p>\n<p><strong>godz. 17.00 <\/strong>Msza Wieczerzy Pa\u0144skiej<strong> \u00a0<\/strong><\/p>\n<p><strong>Pi\u0105tek<\/strong><\/p>\n<p><strong>godz. 17.00 <\/strong>Liturgia M\u0119ki Pa\u0144skiej<\/p>\n<p><strong>Sobota<\/strong><\/p>\n<p><strong>godz. 18.00<\/strong> Uroczysto\u015b\u0107 Liturgii Paschalnej<\/p>\n<p><strong>Niedziela<\/strong><\/p>\n<p><strong>godz. 6.00<\/strong> Msza \u015awi\u0119ta Rezurekcyjna<\/p>\n<p><strong>godz. 10.45 <\/strong>W intencji parafian i go\u015bci; 2) Dzi\u0119kczynna i o Bo\u017ce b\u0142ogos\u0142awie\u0144stwo<\/p>\n<p><strong>godz. 16.00 <\/strong>W intencji parafian i go\u015bci<\/p>\n<p>&nbsp;<\/p>\n<p>&nbsp;<\/p>\n","protected":false},"excerpt":{"rendered":"<p>Poniedzia\u0142ek\u00a0 godz. 16.00 + \u00a0Stanis\u0142awa, Henryk i Ireneusz Szyma\u0144scy; 2) O Bo\u017ce b\u0142ogos\u0142awie\u0144stwo dla Joanny i Andrzeja Wtorek godz. 16.00 Dzi\u0119kczynna i o Bo\u017ce b\u0142ogos\u0142awie\u0144stwo z racji urodzin Beaty; 2) O Bo\u017ce b\u0142ogos\u0142awie\u0144stwo dla Joanny i Andrzeja \u015aroda godz. 16.00 + Aniela i Apolinary Koci\u0144scy; 2) O Bo\u017ce b\u0142ogos\u0142awie\u0144stwo dla Joanny i Andrzeja Czwartek godz. &hellip; <\/p>\n<p><a class=\"more-link btn\" href=\"https:\/\/parafiasmardzewo.pl\/?p=9969\">Kontynuuj czytanie<\/a><\/p>\n","protected":false},"author":2,"featured_media":9368,"comment_status":"open","ping_status":"open","sticky":false,"template":"","format":"standard","meta":[],"categories":[5],"tags":[],"_links":{"self":[{"href":"https:\/\/parafiasmardzewo.pl\/index.php?rest_route=\/wp\/v2\/posts\/9969"}],"collection":[{"href":"https:\/\/parafiasmardzewo.pl\/index.php?rest_route=\/wp\/v2\/posts"}],"about":[{"href":"https:\/\/parafiasmardzewo.pl\/index.php?rest_route=\/wp\/v2\/types\/post"}],"author":[{"embeddable":true,"href":"https:\/\/parafiasmardzewo.pl\/index.php?rest_route=\/wp\/v2\/users\/2"}],"replies":[{"embeddable":true,"href":"https:\/\/parafiasmardzewo.pl\/index.php?rest_route=%2Fwp%2Fv2%2Fcomments&post=9969"}],"version-history":[{"count":1,"href":"https:\/\/parafiasmardzewo.pl\/index.php?rest_route=\/wp\/v2\/posts\/9969\/revisions"}],"predecessor-version":[{"id":9970,"href":"https:\/\/parafiasmardzewo.pl\/index.php?rest_route=\/wp\/v2\/posts\/9969\/revisions\/9970"}],"wp:featuredmedia":[{"embeddable":true,"href":"https:\/\/parafiasmardzewo.pl\/index.php?rest_route=\/wp\/v2\/media\/9368"}],"wp:attachment":[{"href":"https:\/\/parafiasmardzewo.pl\/index.php?rest_route=%2Fwp%2Fv2%2Fmedia&parent=9969"}],"wp:term":[{"taxonomy":"category","embeddable":true,"href":"https:\/\/parafiasmardzewo.pl\/index.php?rest_route=%2Fwp%2Fv2%2Fcategories&post=9969"},{"taxonomy":"post_tag","embeddable":true,"href":"https:\/\/parafiasmardzewo.pl\/index.php?rest_route=%2Fwp%2Fv2%2Ftags&post=9969"}],"curies":[{"name":"wp","href":"https:\/\/api.w.org\/{rel}","templated":true}]}}