{"id":9975,"date":"2025-04-21T07:41:56","date_gmt":"2025-04-21T05:41:56","guid":{"rendered":"https:\/\/parafiasmardzewo.pl\/?p=9975"},"modified":"2025-04-21T07:41:56","modified_gmt":"2025-04-21T05:41:56","slug":"msze-swiete-od-21-27-kwietnia-2025-roku","status":"publish","type":"post","link":"https:\/\/parafiasmardzewo.pl\/?p=9975","title":{"rendered":"Msze \u015awi\u0119te od 21 &#8211; 27 kwietnia 2025 roku"},"content":{"rendered":"<p><strong>Poniedzia\u0142ek<\/strong><\/p>\n<p><strong>godz. 9.00<\/strong> +\u00a0 Zygmunt Korzybski; 2) + Helena Mro\u017ckiewicz<\/p>\n<p><strong>godz. 10.45 <\/strong>Dzi\u0119kczynna i o Bo\u017ce b\u0142ogos\u0142awie\u0144stwo dla P. Beaty i Paw\u0142a Felczak\u00f3w w 10. Rocznic\u0119 slubu; 2) Dzi\u0119kczynna i o Bo\u017ce b\u0142ogos\u0142awie\u0144stwo dla P. Barbary i Bogus\u0142awa Kowalskich w 35. rocznice \u015blubu<\/p>\n<p><strong>godz. 16.00<\/strong> + W\u0142odzimierz i Jan Zimakowscy<\/p>\n<p><strong>Wtorek<\/strong><\/p>\n<p><strong>godz. 7.30<\/strong> + Jan Pajewski \u2013 int. p.<\/p>\n<p><strong>godz. 18.00<\/strong> + Jadwiga Tomaszewska \u2013 int. p.<\/p>\n<p><strong>\u015aroda <\/strong><\/p>\n<p><strong>godz. 18.00<\/strong> + Teresa Kowalska \u2013 int. od chrze\u015bniaczki Agnieszki<\/p>\n<p><strong>\u00a0Czwartek<\/strong><\/p>\n<p><strong>godz. 18.00<\/strong> + Henryka i Zenobiusz Chmielewscy \u2013 rocznica \u015bmierci (5)<\/p>\n<p><strong>Pi\u0105tek<\/strong><\/p>\n<p><strong>godz. 7.30 + <\/strong>Janusz \u015awiderski \u2013 int. p.<\/p>\n<p><strong>godz. 18.00 + <\/strong>Marek Koci\u0144ski<\/p>\n<p><strong>Sobota\u00a0\u00a0\u00a0\u00a0\u00a0\u00a0\u00a0 <\/strong><strong>\u00a0\u00a0\u00a0\u00a0\u00a0\u00a0\u00a0\u00a0\u00a0\u00a0\u00a0\u00a0\u00a0\u00a0\u00a0\u00a0\u00a0\u00a0\u00a0\u00a0\u00a0\u00a0\u00a0\u00a0\u00a0\u00a0\u00a0\u00a0\u00a0\u00a0\u00a0\u00a0\u00a0\u00a0\u00a0\u00a0\u00a0\u00a0\u00a0\u00a0\u00a0\u00a0\u00a0\u00a0\u00a0\u00a0\u00a0\u00a0\u00a0\u00a0\u00a0\u00a0\u00a0\u00a0\u00a0\u00a0\u00a0\u00a0\u00a0\u00a0\u00a0\u00a0\u00a0\u00a0\u00a0\u00a0\u00a0\u00a0\u00a0\u00a0\u00a0\u00a0\u00a0\u00a0\u00a0\u00a0\u00a0\u00a0\u00a0\u00a0\u00a0\u00a0\u00a0\u00a0\u00a0\u00a0\u00a0\u00a0\u00a0\u00a0\u00a0\u00a0\u00a0\u00a0\u00a0\u00a0\u00a0\u00a0\u00a0\u00a0\u00a0\u00a0\u00a0\u00a0\u00a0\u00a0\u00a0\u00a0\u00a0\u00a0\u00a0\u00a0\u00a0\u00a0\u00a0\u00a0\u00a0\u00a0\u00a0\u00a0\u00a0\u00a0\u00a0\u00a0\u00a0\u00a0\u00a0\u00a0\u00a0\u00a0\u00a0\u00a0\u00a0\u00a0\u00a0\u00a0\u00a0\u00a0\u00a0\u00a0\u00a0\u00a0\u00a0\u00a0\u00a0\u00a0\u00a0\u00a0\u00a0\u00a0\u00a0<\/strong><\/p>\n<p><strong>godz. 13.00 <\/strong>W intencji rodziny<\/p>\n<p><strong>godz. 18.00<\/strong> + Miros\u0142aw Obr\u0119bki i Bryska Czes\u0142aw i Marianna<\/p>\n<p><strong>Niedziela<\/strong><\/p>\n<p><strong>godz. 9.00<\/strong> + Stanis\u0142aw i Urszula Buras; 2) + W\u0142adys\u0142awa i Jan Za\u0142\u0119ccy oraz Danuta i Mieczys\u0142aw Sanig\u00f3rscy<\/p>\n<p><strong>godz. 10.45<\/strong> W intencji parafian i go\u015bci 2)+ Mateusz Kwiatkowki \u2013 rocznica \u015bmierci (7)<\/p>\n<p><strong>godz. 16.00<\/strong> W intencji Ojczyzny; 2) + Marian K\u0142osi\u0144ski \u2013 rocznica \u015bmierci (1)<\/p>\n<p>&nbsp;<\/p>\n","protected":false},"excerpt":{"rendered":"<p>Poniedzia\u0142ek godz. 9.00 +\u00a0 Zygmunt Korzybski; 2) + Helena Mro\u017ckiewicz godz. 10.45 Dzi\u0119kczynna i o Bo\u017ce b\u0142ogos\u0142awie\u0144stwo dla P. Beaty i Paw\u0142a Felczak\u00f3w w 10. Rocznic\u0119 slubu; 2) Dzi\u0119kczynna i o Bo\u017ce b\u0142ogos\u0142awie\u0144stwo dla P. Barbary i Bogus\u0142awa Kowalskich w 35. rocznice \u015blubu godz. 16.00 + W\u0142odzimierz i Jan Zimakowscy Wtorek godz. 7.30 + Jan &hellip; <\/p>\n<p><a class=\"more-link btn\" href=\"https:\/\/parafiasmardzewo.pl\/?p=9975\">Kontynuuj czytanie<\/a><\/p>\n","protected":false},"author":2,"featured_media":9356,"comment_status":"open","ping_status":"open","sticky":false,"template":"","format":"standard","meta":[],"categories":[5],"tags":[],"_links":{"self":[{"href":"https:\/\/parafiasmardzewo.pl\/index.php?rest_route=\/wp\/v2\/posts\/9975"}],"collection":[{"href":"https:\/\/parafiasmardzewo.pl\/index.php?rest_route=\/wp\/v2\/posts"}],"about":[{"href":"https:\/\/parafiasmardzewo.pl\/index.php?rest_route=\/wp\/v2\/types\/post"}],"author":[{"embeddable":true,"href":"https:\/\/parafiasmardzewo.pl\/index.php?rest_route=\/wp\/v2\/users\/2"}],"replies":[{"embeddable":true,"href":"https:\/\/parafiasmardzewo.pl\/index.php?rest_route=%2Fwp%2Fv2%2Fcomments&post=9975"}],"version-history":[{"count":1,"href":"https:\/\/parafiasmardzewo.pl\/index.php?rest_route=\/wp\/v2\/posts\/9975\/revisions"}],"predecessor-version":[{"id":9976,"href":"https:\/\/parafiasmardzewo.pl\/index.php?rest_route=\/wp\/v2\/posts\/9975\/revisions\/9976"}],"wp:featuredmedia":[{"embeddable":true,"href":"https:\/\/parafiasmardzewo.pl\/index.php?rest_route=\/wp\/v2\/media\/9356"}],"wp:attachment":[{"href":"https:\/\/parafiasmardzewo.pl\/index.php?rest_route=%2Fwp%2Fv2%2Fmedia&parent=9975"}],"wp:term":[{"taxonomy":"category","embeddable":true,"href":"https:\/\/parafiasmardzewo.pl\/index.php?rest_route=%2Fwp%2Fv2%2Fcategories&post=9975"},{"taxonomy":"post_tag","embeddable":true,"href":"https:\/\/parafiasmardzewo.pl\/index.php?rest_route=%2Fwp%2Fv2%2Ftags&post=9975"}],"curies":[{"name":"wp","href":"https:\/\/api.w.org\/{rel}","templated":true}]}}