{"id":9977,"date":"2025-04-26T21:39:53","date_gmt":"2025-04-26T19:39:53","guid":{"rendered":"https:\/\/parafiasmardzewo.pl\/?p=9977"},"modified":"2025-04-26T21:40:03","modified_gmt":"2025-04-26T19:40:03","slug":"druga-niedziela-wielkanocy-czyli-milosierdzia-27-kwietnia-2025","status":"publish","type":"post","link":"https:\/\/parafiasmardzewo.pl\/?p=9977","title":{"rendered":"DRUGA NIEDZIELA WIELKANOCY &#8211; CZYLI MI\u0141OSIERDZIA 27 kwietnia 2025"},"content":{"rendered":"<p><strong>\u00a0 \u00a0 \u00a0<\/strong><strong>OG\u0141OSZENIA DUSZPASTERSKIE<\/strong><\/p>\n<ol>\n<li>Dzi\u015b przypada Niedziela Mi\u0142osierdzia Bo\u017cego. \u015amier\u0107 i zmartwychwstanie Chrystusa najdobitniej przekonuj\u0105 nas o tym, \u017ce B\u00f3g jest mi\u0142o\u015bci\u0105, \u017ce potrafi jedynie kocha\u0107 i\u00a0przebacza\u0107.<\/li>\n<li>Dzisiaj obchodzimy te\u017c patronalne \u015bwi\u0119to Caritas i rozpoczynamy Tydzie\u0144 Mi\u0142osierdzia. Do 2012 roku Tydzie\u0144 Mi\u0142osierdzia obchodzony by\u0142 w pa\u017adzierniku, a od 2013 rozpoczyna si\u0119 on w drug\u0105 niedziel\u0119 Wielkanocy, w \u015bwi\u0119to Mi\u0142osierdzia Bo\u017cego. Do\u015bwiadczaj\u0105c bowiem mi\u0142osierdzia Bo\u017cego, sami powinni\u015bmy by\u0107 mi\u0142osierni dla naszych si\u00f3str i braci. St\u0105d te\u017c dzisiaj ofiarami wspieramy dobre dzie\u0142a naszej diecezjalnej Caritas.<\/li>\n<li>Jutro, w poniedzia\u0142ek, 28 kwietnia, b\u0119dziemy obchodzili uroczysto\u015b\u0107 \u015awi\u0119tego Wojciecha, biskupa i m\u0119czennika, patrona Polski. Nasze my\u015bli i serca skierujemy do Gniezna, gdzie znajduj\u0105 si\u0119 jego relikwie.<\/li>\n<li>Natomiast we wtorek, 29 kwietnia, przypada \u015bwi\u0119to \u015awi\u0119tej Katarzyny Siene\u0144skiej, dziewicy. Tak dalece wyr\u00f3\u017cnia\u0142a si\u0119 czynn\u0105 mi\u0142o\u015bci\u0105 do Ko\u015bcio\u0142a Chrystusowego i\u00a0\u015bwiadectwem o Jego krzy\u017cu, \u017ce nadano jej tytu\u0142 doktora Ko\u015bcio\u0142a. A w 1999 roku \u015awi\u0119ty Jan Pawe\u0142 II ustanowi\u0142 j\u0105 patronk\u0105 Europy.<\/li>\n<li>Jednocze\u015bnie we wtorek z inicjatywy Episkopatu Polski nasz\u0105 modlitw\u0105 ogarniemy r\u00f3wnie\u017c wszystkie ofiary nazistowskiego i stalinowskiego terroru, zw\u0142aszcza osoby duchowne i konsekrowane. Tego dnia b\u0119dziemy obchodzi\u0107 Dzie\u0144 M\u0119cze\u0144stwa Duchowie\u0144stwa Polskiego, upami\u0119tniaj\u0105cy rocznic\u0119 wyzwolenia obozu koncentracyjnego w Dachau w 1945 roku.<\/li>\n<li>W dniach 28 do 30 kwietnia w ca\u0142ym Ko\u015bciele powszechnym sw\u00f3j Jubileusz b\u0119d\u0105 obchodzi\u0142y osoby niepe\u0142nosprawne w ramach Jubileuszowego Roku 2025.<\/li>\n<li>W najbli\u017cszy czwartek rozpoczniemy maryjny miesi\u0105c \u2013 maj. Codziennie b\u0119dziemy gromadzi\u0107 si\u0119 wok\u00f3\u0142 o\u0142tarza na Eucharystii i na nabo\u017ce\u0144stwie majowym. W szkole Maryi uczmy si\u0119 ca\u0142kowitego oddania Bogu i braciom. W naszym ko\u015bciele nabo\u017ce\u0144stwo majowe b\u0119dziemy celebrowali codziennie po Eucharystii o godz. 18.00. Zadbajmy te\u017c o wizerunki Maryi w naszych domach i w przydro\u017cnych kapliczkach. Rodzinnie gromad\u017amy si\u0119 przy nich na \u015bpiewanie Litanii loreta\u0144skiej, pie\u015bni maryjnych, na r\u00f3\u017caniec czy wieczorny Apel Jasnog\u00f3rski.<\/li>\n<li>We wspomnienie \u015awi\u0119tego J\u00f3zefa Robotnika, 1 maja, b\u0119dziemy prosili go o wra\u017cliwo\u015b\u0107 sumie\u0144 i \u0142ad moralny w \u017cyciu spo\u0142ecznym.<\/li>\n<li>A w pi\u0105tek przypada doroczny Dzie\u0144 Polonii oraz Dzie\u0144 Flagi Narodowej. Modlitw\u0105 ogarniemy rodak\u00f3w \u017cyj\u0105cych poza granicami naszej Ojczyzny. Nie zapomnijmy te\u017c o\u00a0wywieszeniu flag, by w ten spos\u00f3b zademonstrowa\u0107 nasze przywi\u0105zanie do barw narodowych.<\/li>\n<li>W nadchodz\u0105cym tygodniu przypada Pierwszy Czwartek, Pierwszy Pi\u0105tek i Pierwsza Sobota miesi\u0105ca. W Pierwszy Czwartek (1 maja) b\u0119dziemy dzi\u0119kowali Panu Bogu za dar Eucharystii, b\u0119dziemy si\u0119 te\u017c modlili o liczne i\u00a0\u015bwi\u0119te powo\u0142ania kap\u0142a\u0144skie i\u00a0zakonne. W Pierwszy Pi\u0105tek (2 maja) b\u0119dzie szczeg\u00f3lna okazja do oddania czci Naj\u015bwi\u0119tszemu Sercu Pana Jezusa oraz do pojednania si\u0119 z Bogiem i\u00a0bra\u0107mi. &#8211; Adoracja Naj\u015bwi\u0119tszego Sakramentu z nabo\u017ce\u0144stwem pierwszopi\u0105tkowym oraz okazja do spowiedzi \u015bwi\u0119tej w naszym ko\u015bciele od godz. 17.00.<\/li>\n<li>W Pierwsz\u0105 Sobot\u0119 (3 maja) oddajemy cze\u015b\u0107 Niepokalanemu Sercu Maryi Panny oraz czcimy J\u0105 jako Kr\u00f3low\u0105 Polski. &#8211; Adoracja Naj\u015bwi\u0119tszego Sakramentu i nabo\u017ce\u0144stwo pi\u0119ciu pierwszych sob\u00f3t miesi\u0105ca w\u00a0naszym ko\u015bciele od godz. 8.00. Msze \u015awi\u0119te w naszej \u015bwi\u0105tyni o godz. 9.00 i 16.00. Na Mszy \u015awi\u0119tej o godz. 9.00 b\u0119d\u0105 si\u0119 modli\u0107 z nami Rycerze \u015bw. Jana Paw\u0142a II, Wojownicy Maryi o raz pielgrzymi z P\u0142o\u0144ska. Po Mszy \u015awi\u0119tej o godz. 16.00 b\u0119dzie spotkanie z dzie\u0107mi kl. II, natomiast 4 maja (niedziela) po Mszy \u015awi\u0119tej o godz. 16.00 b\u0119dzie spotkanie z rodzicami, kt\u00f3rych dzieci przyst\u0105pi\u0105 do Pierwszej Komunii \u015awi\u0119tej (25 maja) i z rodzicami uczni\u00f3w kl. IV, kt\u00f3rzy odnowi\u0105 Przyrzeczenia Chrzcielne (1 czerwca). W najbli\u017cszym czasie m\u0142odzie\u017c otrzyma indeksy, jako pomoc w przygotowaniu do bierzmowania.<\/li>\n<li>Za tydzie\u0144 w pierwsz\u0105 niedziel\u0119 miesi\u0105ca na godz. 10.45 zapraszam asyst\u0119 procesyjn\u0105 oraz stra\u017cak\u00f3w ze wszystkich jednostek stra\u017cy: K\u0119pa, Milewo, S\u0142oszewo Kolonia i Smardzewo oraz M\u0142odzie\u017cowa Dru\u017cyna Po\u017carnicza OSP Smardzewo. W intencji stra\u017cak\u00f3w i ich rodzin b\u0119dzie odprawiona Msza \u015awi\u0119ta. 4 maja wspominamy \u015bw. Floriana, patrona stra\u017cak\u00f3w.<\/li>\n<li>Przysz\u0142a niedziela b\u0119dzie obchodzona jako Niedziela Biblijna, kt\u00f3ra rozpocznie nast\u0119puj\u0105cy po niej Tydzie\u0144 Biblijny.<\/li>\n<li>Zach\u0119cam do nabycia prasy katolickiej: Go\u015b\u0107 Niedzielny, dwumiesi\u0119cznik &#8211; Historia Ko\u015bcio\u0142a, a w nim mi\u0119dzy innymi rozmowy o inkwizycji, Rycerz Niepokalanej, Ma\u0142y Rycerzyk (pismo dla dzieci).<\/li>\n<\/ol>\n<p>&nbsp;<\/p>\n","protected":false},"excerpt":{"rendered":"<p>\u00a0 \u00a0 \u00a0OG\u0141OSZENIA DUSZPASTERSKIE Dzi\u015b przypada Niedziela Mi\u0142osierdzia Bo\u017cego. \u015amier\u0107 i zmartwychwstanie Chrystusa najdobitniej przekonuj\u0105 nas o tym, \u017ce B\u00f3g jest mi\u0142o\u015bci\u0105, \u017ce potrafi jedynie kocha\u0107 i\u00a0przebacza\u0107. Dzisiaj obchodzimy te\u017c patronalne \u015bwi\u0119to Caritas i rozpoczynamy Tydzie\u0144 Mi\u0142osierdzia. Do 2012 roku Tydzie\u0144 Mi\u0142osierdzia obchodzony by\u0142 w pa\u017adzierniku, a od 2013 rozpoczyna si\u0119 on w drug\u0105 niedziel\u0119 &hellip; <\/p>\n<p><a class=\"more-link btn\" href=\"https:\/\/parafiasmardzewo.pl\/?p=9977\">Kontynuuj czytanie<\/a><\/p>\n","protected":false},"author":2,"featured_media":5378,"comment_status":"open","ping_status":"open","sticky":false,"template":"","format":"standard","meta":[],"categories":[2],"tags":[],"_links":{"self":[{"href":"https:\/\/parafiasmardzewo.pl\/index.php?rest_route=\/wp\/v2\/posts\/9977"}],"collection":[{"href":"https:\/\/parafiasmardzewo.pl\/index.php?rest_route=\/wp\/v2\/posts"}],"about":[{"href":"https:\/\/parafiasmardzewo.pl\/index.php?rest_route=\/wp\/v2\/types\/post"}],"author":[{"embeddable":true,"href":"https:\/\/parafiasmardzewo.pl\/index.php?rest_route=\/wp\/v2\/users\/2"}],"replies":[{"embeddable":true,"href":"https:\/\/parafiasmardzewo.pl\/index.php?rest_route=%2Fwp%2Fv2%2Fcomments&post=9977"}],"version-history":[{"count":1,"href":"https:\/\/parafiasmardzewo.pl\/index.php?rest_route=\/wp\/v2\/posts\/9977\/revisions"}],"predecessor-version":[{"id":9978,"href":"https:\/\/parafiasmardzewo.pl\/index.php?rest_route=\/wp\/v2\/posts\/9977\/revisions\/9978"}],"wp:featuredmedia":[{"embeddable":true,"href":"https:\/\/parafiasmardzewo.pl\/index.php?rest_route=\/wp\/v2\/media\/5378"}],"wp:attachment":[{"href":"https:\/\/parafiasmardzewo.pl\/index.php?rest_route=%2Fwp%2Fv2%2Fmedia&parent=9977"}],"wp:term":[{"taxonomy":"category","embeddable":true,"href":"https:\/\/parafiasmardzewo.pl\/index.php?rest_route=%2Fwp%2Fv2%2Fcategories&post=9977"},{"taxonomy":"post_tag","embeddable":true,"href":"https:\/\/parafiasmardzewo.pl\/index.php?rest_route=%2Fwp%2Fv2%2Ftags&post=9977"}],"curies":[{"name":"wp","href":"https:\/\/api.w.org\/{rel}","templated":true}]}}